{"id":349,"date":"2025-12-19T10:39:59","date_gmt":"2025-12-19T10:39:59","guid":{"rendered":"https:\/\/edublog.educastur.es\/ciclodependenciavegadeo\/?p=349"},"modified":"2025-12-19T10:39:59","modified_gmt":"2025-12-19T10:39:59","slug":"pruebas-de-acceso-a-ciclos-formativos-de-fp","status":"publish","type":"post","link":"https:\/\/edublog.educastur.es\/ciclodependenciavegadeo\/2025\/12\/19\/pruebas-de-acceso-a-ciclos-formativos-de-fp\/","title":{"rendered":"Pruebas de acceso a ciclos formativos de FP"},"content":{"rendered":"<p>Se convocan las pruebas de acceso a los ciclos formativos de grado medio y de grado superior de la Formaci\u00f3n Profesional del sistema educativo, correspondientes al a\u00f1o 2026.<\/p>\n<p>Plazo de inscripci\u00f3n: del <strong>26\u00a0de enero al 6\u00a0de febrero<\/strong> de 2026 (ambos incluidos).<\/p>\n<p>Ten\u00e9is toda la informaci\u00f3n en el enlace.<\/p>\n<p><a href=\"https:\/\/www.educastur.es\/-\/pruebas-de-acceso-a-ciclos-formativos-de-fp-2026-convocatoria-y-formularios-de-inscripcion?redirect=%2F\" target=\"_blank\" rel=\"noopener\">https:\/\/www.educastur.es\/-\/pruebas-de-acceso-a-ciclos-formativos-de-fp-2026-convocatoria-y-formularios-de-inscripcion?redirect=%2F<\/a><\/p>\n<p>En este otro enlace pod\u00e9is acceder a las orientaciones sobre las pruebas.<\/p>\n<p><a href=\"https:\/\/www.educastur.es\/-\/prueba-de-acceso-a-ciclos-formativos-de-grado-medio-orientaciones-2026?redirect=%2F\" target=\"_blank\" rel=\"noopener\">https:\/\/www.educastur.es\/-\/prueba-de-acceso-a-ciclos-formativos-de-grado-medio-orientaciones-2026?redirect=%2F<\/a><\/p>\n","protected":false},"excerpt":{"rendered":"<p>Se convocan las pruebas de acceso a los ciclos formativos de grado medio y de grado superior de la Formaci\u00f3n Profesional del sistema educativo, correspondientes al a\u00f1o 2026. Plazo de inscripci\u00f3n: del 26\u00a0de enero al 6\u00a0de febrero de 2026 (ambos incluidos). Ten\u00e9is toda la informaci\u00f3n en el enlace. https:\/\/www.educastur.es\/-\/pruebas-de-acceso-a-ciclos-formativos-de-fp-2026-convocatoria-y-formularios-de-inscripcion?redirect=%2F En este otro enlace pod\u00e9is acceder [&hellip;]<\/p>\n","protected":false},"author":418,"featured_media":0,"comment_status":"open","ping_status":"open","sticky":false,"template":"","format":"standard","meta":{"footnotes":""},"categories":[1],"tags":[],"class_list":["post-349","post","type-post","status-publish","format-standard","hentry","category-sin-categoria"],"_links":{"self":[{"href":"https:\/\/edublog.educastur.es\/ciclodependenciavegadeo\/wp-json\/wp\/v2\/posts\/349","targetHints":{"allow":["GET"]}}],"collection":[{"href":"https:\/\/edublog.educastur.es\/ciclodependenciavegadeo\/wp-json\/wp\/v2\/posts"}],"about":[{"href":"https:\/\/edublog.educastur.es\/ciclodependenciavegadeo\/wp-json\/wp\/v2\/types\/post"}],"author":[{"embeddable":true,"href":"https:\/\/edublog.educastur.es\/ciclodependenciavegadeo\/wp-json\/wp\/v2\/users\/418"}],"replies":[{"embeddable":true,"href":"https:\/\/edublog.educastur.es\/ciclodependenciavegadeo\/wp-json\/wp\/v2\/comments?post=349"}],"version-history":[{"count":2,"href":"https:\/\/edublog.educastur.es\/ciclodependenciavegadeo\/wp-json\/wp\/v2\/posts\/349\/revisions"}],"predecessor-version":[{"id":351,"href":"https:\/\/edublog.educastur.es\/ciclodependenciavegadeo\/wp-json\/wp\/v2\/posts\/349\/revisions\/351"}],"wp:attachment":[{"href":"https:\/\/edublog.educastur.es\/ciclodependenciavegadeo\/wp-json\/wp\/v2\/media?parent=349"}],"wp:term":[{"taxonomy":"category","embeddable":true,"href":"https:\/\/edublog.educastur.es\/ciclodependenciavegadeo\/wp-json\/wp\/v2\/categories?post=349"},{"taxonomy":"post_tag","embeddable":true,"href":"https:\/\/edublog.educastur.es\/ciclodependenciavegadeo\/wp-json\/wp\/v2\/tags?post=349"}],"curies":[{"name":"wp","href":"https:\/\/api.w.org\/{rel}","templated":true}]}}