{"id":389,"date":"2026-06-03T07:53:19","date_gmt":"2026-06-03T07:53:19","guid":{"rendered":"https:\/\/edublog.educastur.es\/ciclodependenciavegadeo\/?p=389"},"modified":"2026-06-03T07:53:19","modified_gmt":"2026-06-03T07:53:19","slug":"admision-a-ciclos-formativos-26-27","status":"publish","type":"post","link":"https:\/\/edublog.educastur.es\/ciclodependenciavegadeo\/2026\/06\/03\/admision-a-ciclos-formativos-26-27\/","title":{"rendered":"Admisi\u00f3n a Ciclos Formativos 26-27"},"content":{"rendered":"<p>El plazo de presentaci\u00f3n de solicitudes de admisi\u00f3n a los Ciclos Formativos, ser\u00e1 del\u00a0<strong>18 de junio al 3 de julio<\/strong>.<\/p>\n<p>En el enlace, ten\u00e9is toda la informaci\u00f3n.<\/p>\n<p><a href=\"https:\/\/www.educastur.es\/-\/fp-admision-presencial-semipresencial-virtual-gm-gs-convocatoria?redirect=%2F\" target=\"_blank\" rel=\"noopener\">https:\/\/www.educastur.es\/-\/fp-admision-presencial-semipresencial-virtual-gm-gs-convocatoria?redirect=%2F<\/a><\/p>\n","protected":false},"excerpt":{"rendered":"<p>El plazo de presentaci\u00f3n de solicitudes de admisi\u00f3n a los Ciclos Formativos, ser\u00e1 del\u00a018 de junio al 3 de julio. En el enlace, ten\u00e9is toda la informaci\u00f3n. https:\/\/www.educastur.es\/-\/fp-admision-presencial-semipresencial-virtual-gm-gs-convocatoria?redirect=%2F<\/p>\n","protected":false},"author":418,"featured_media":0,"comment_status":"open","ping_status":"open","sticky":false,"template":"","format":"standard","meta":{"footnotes":""},"categories":[1],"tags":[],"class_list":["post-389","post","type-post","status-publish","format-standard","hentry","category-sin-categoria"],"_links":{"self":[{"href":"https:\/\/edublog.educastur.es\/ciclodependenciavegadeo\/wp-json\/wp\/v2\/posts\/389","targetHints":{"allow":["GET"]}}],"collection":[{"href":"https:\/\/edublog.educastur.es\/ciclodependenciavegadeo\/wp-json\/wp\/v2\/posts"}],"about":[{"href":"https:\/\/edublog.educastur.es\/ciclodependenciavegadeo\/wp-json\/wp\/v2\/types\/post"}],"author":[{"embeddable":true,"href":"https:\/\/edublog.educastur.es\/ciclodependenciavegadeo\/wp-json\/wp\/v2\/users\/418"}],"replies":[{"embeddable":true,"href":"https:\/\/edublog.educastur.es\/ciclodependenciavegadeo\/wp-json\/wp\/v2\/comments?post=389"}],"version-history":[{"count":1,"href":"https:\/\/edublog.educastur.es\/ciclodependenciavegadeo\/wp-json\/wp\/v2\/posts\/389\/revisions"}],"predecessor-version":[{"id":390,"href":"https:\/\/edublog.educastur.es\/ciclodependenciavegadeo\/wp-json\/wp\/v2\/posts\/389\/revisions\/390"}],"wp:attachment":[{"href":"https:\/\/edublog.educastur.es\/ciclodependenciavegadeo\/wp-json\/wp\/v2\/media?parent=389"}],"wp:term":[{"taxonomy":"category","embeddable":true,"href":"https:\/\/edublog.educastur.es\/ciclodependenciavegadeo\/wp-json\/wp\/v2\/categories?post=389"},{"taxonomy":"post_tag","embeddable":true,"href":"https:\/\/edublog.educastur.es\/ciclodependenciavegadeo\/wp-json\/wp\/v2\/tags?post=389"}],"curies":[{"name":"wp","href":"https:\/\/api.w.org\/{rel}","templated":true}]}}