{"id":52,"date":"2021-02-23T08:50:08","date_gmt":"2021-02-23T08:50:08","guid":{"rendered":"https:\/\/edublog.educastur.es\/ciclodependenciavegadeo\/?p=52"},"modified":"2021-02-23T09:24:40","modified_gmt":"2021-02-23T09:24:40","slug":"cambios-de-examenes","status":"publish","type":"post","link":"https:\/\/edublog.educastur.es\/ciclodependenciavegadeo\/2021\/02\/23\/cambios-de-examenes\/","title":{"rendered":"Cambios de ex\u00e1menes"},"content":{"rendered":"<p>Se ha notificado err\u00f3neamente la fecha de los ex\u00e1menes trimestrales para el alumnado al que no se le pueden aplicar los criterios de evaluaci\u00f3n continua por faltas en los m\u00f3dulos <em><strong>Caracter\u00edsticas y necesidades de las personas en situaci\u00f3n de dependencia<\/strong><\/em> y <em><strong>Organizaci\u00f3n de la atenci\u00f3n a las personas en situaci\u00f3n de dependencia<\/strong><\/em>, quedando de la siguiente manera:<\/p>\n<p><strong>Organizaci\u00f3n: 17 de marzo, 12.45hs.<\/strong><\/p>\n<p><strong>Caracter\u00edsticas: 18 de marzo, 12.45hs.<\/strong><\/p>\n<p>Mil perdones y disculpad las molestias.<\/p>\n<p>&nbsp;<\/p>\n","protected":false},"excerpt":{"rendered":"<p>Se ha notificado err\u00f3neamente la fecha de los ex\u00e1menes trimestrales para el alumnado al que no se le pueden aplicar los criterios de evaluaci\u00f3n continua por faltas en los m\u00f3dulos Caracter\u00edsticas y necesidades de las personas en situaci\u00f3n de dependencia y Organizaci\u00f3n de la atenci\u00f3n a las personas en situaci\u00f3n de dependencia, quedando de la [&hellip;]<\/p>\n","protected":false},"author":418,"featured_media":0,"comment_status":"open","ping_status":"open","sticky":false,"template":"","format":"standard","meta":{"footnotes":""},"categories":[5,7],"tags":[],"class_list":["post-52","post","type-post","status-publish","format-standard","hentry","category-examenes","category-general"],"_links":{"self":[{"href":"https:\/\/edublog.educastur.es\/ciclodependenciavegadeo\/wp-json\/wp\/v2\/posts\/52","targetHints":{"allow":["GET"]}}],"collection":[{"href":"https:\/\/edublog.educastur.es\/ciclodependenciavegadeo\/wp-json\/wp\/v2\/posts"}],"about":[{"href":"https:\/\/edublog.educastur.es\/ciclodependenciavegadeo\/wp-json\/wp\/v2\/types\/post"}],"author":[{"embeddable":true,"href":"https:\/\/edublog.educastur.es\/ciclodependenciavegadeo\/wp-json\/wp\/v2\/users\/418"}],"replies":[{"embeddable":true,"href":"https:\/\/edublog.educastur.es\/ciclodependenciavegadeo\/wp-json\/wp\/v2\/comments?post=52"}],"version-history":[{"count":2,"href":"https:\/\/edublog.educastur.es\/ciclodependenciavegadeo\/wp-json\/wp\/v2\/posts\/52\/revisions"}],"predecessor-version":[{"id":55,"href":"https:\/\/edublog.educastur.es\/ciclodependenciavegadeo\/wp-json\/wp\/v2\/posts\/52\/revisions\/55"}],"wp:attachment":[{"href":"https:\/\/edublog.educastur.es\/ciclodependenciavegadeo\/wp-json\/wp\/v2\/media?parent=52"}],"wp:term":[{"taxonomy":"category","embeddable":true,"href":"https:\/\/edublog.educastur.es\/ciclodependenciavegadeo\/wp-json\/wp\/v2\/categories?post=52"},{"taxonomy":"post_tag","embeddable":true,"href":"https:\/\/edublog.educastur.es\/ciclodependenciavegadeo\/wp-json\/wp\/v2\/tags?post=52"}],"curies":[{"name":"wp","href":"https:\/\/api.w.org\/{rel}","templated":true}]}}