{"id":56,"date":"2021-02-25T10:31:35","date_gmt":"2021-02-25T10:31:35","guid":{"rendered":"https:\/\/edublog.educastur.es\/ciclodependenciavegadeo\/?p=56"},"modified":"2021-02-25T10:31:35","modified_gmt":"2021-02-25T10:31:35","slug":"pruebas-de-acceso-a-ciclos-2021","status":"publish","type":"post","link":"https:\/\/edublog.educastur.es\/ciclodependenciavegadeo\/2021\/02\/25\/pruebas-de-acceso-a-ciclos-2021\/","title":{"rendered":"Pruebas de acceso a Ciclos 2021"},"content":{"rendered":"<p>Est\u00e1 abierto el plazo de inscripci\u00f3n para las <strong>pruebas de acceso a los ciclos formativos<\/strong> de Formaci\u00f3n Profesional correspondientes al a\u00f1o 2021. Dicho plazo est\u00e1 abierto desde el <strong>22 de febrero hasta el 5 de marzo<\/strong> (ambos incluidos).<\/p>\n<p>En el enlace pod\u00e9is acceder a toda la informaci\u00f3n, as\u00ed como encontrar orientaciones sobre las materias, modelos de ex\u00e1menes y descargar los formularios de inscripci\u00f3n.<\/p>\n<blockquote class=\"wp-embedded-content\" data-secret=\"qKD4Ztzgio\"><p><a href=\"https:\/\/www.iesvegadeo.es\/secretaria\/pruebas-acceso\/pruebas-de-acceso-a-ciclos-2021\/\">Pruebas de acceso a Ciclos 2021<\/a><\/p><\/blockquote>\n<p><iframe loading=\"lazy\" class=\"wp-embedded-content\" sandbox=\"allow-scripts\" security=\"restricted\" style=\"position: absolute; visibility: hidden;\" title=\"\u00abPruebas de acceso a Ciclos 2021\u00bb \u2014 IES Elisa y Luis Villamil\" src=\"https:\/\/www.iesvegadeo.es\/secretaria\/pruebas-acceso\/pruebas-de-acceso-a-ciclos-2021\/embed\/#?secret=3Pg8yacM6b#?secret=qKD4Ztzgio\" data-secret=\"qKD4Ztzgio\" width=\"600\" height=\"338\" frameborder=\"0\" marginwidth=\"0\" marginheight=\"0\" scrolling=\"no\"><\/iframe><\/p>\n","protected":false},"excerpt":{"rendered":"<p>Est\u00e1 abierto el plazo de inscripci\u00f3n para las pruebas de acceso a los ciclos formativos de Formaci\u00f3n Profesional correspondientes al a\u00f1o 2021. Dicho plazo est\u00e1 abierto desde el 22 de febrero hasta el 5 de marzo (ambos incluidos). En el enlace pod\u00e9is acceder a toda la informaci\u00f3n, as\u00ed como encontrar orientaciones sobre las materias, modelos [&hellip;]<\/p>\n","protected":false},"author":418,"featured_media":0,"comment_status":"open","ping_status":"open","sticky":false,"template":"","format":"standard","meta":{"footnotes":""},"categories":[8,7],"tags":[],"class_list":["post-56","post","type-post","status-publish","format-standard","hentry","category-formacion-profesional","category-general"],"_links":{"self":[{"href":"https:\/\/edublog.educastur.es\/ciclodependenciavegadeo\/wp-json\/wp\/v2\/posts\/56","targetHints":{"allow":["GET"]}}],"collection":[{"href":"https:\/\/edublog.educastur.es\/ciclodependenciavegadeo\/wp-json\/wp\/v2\/posts"}],"about":[{"href":"https:\/\/edublog.educastur.es\/ciclodependenciavegadeo\/wp-json\/wp\/v2\/types\/post"}],"author":[{"embeddable":true,"href":"https:\/\/edublog.educastur.es\/ciclodependenciavegadeo\/wp-json\/wp\/v2\/users\/418"}],"replies":[{"embeddable":true,"href":"https:\/\/edublog.educastur.es\/ciclodependenciavegadeo\/wp-json\/wp\/v2\/comments?post=56"}],"version-history":[{"count":1,"href":"https:\/\/edublog.educastur.es\/ciclodependenciavegadeo\/wp-json\/wp\/v2\/posts\/56\/revisions"}],"predecessor-version":[{"id":57,"href":"https:\/\/edublog.educastur.es\/ciclodependenciavegadeo\/wp-json\/wp\/v2\/posts\/56\/revisions\/57"}],"wp:attachment":[{"href":"https:\/\/edublog.educastur.es\/ciclodependenciavegadeo\/wp-json\/wp\/v2\/media?parent=56"}],"wp:term":[{"taxonomy":"category","embeddable":true,"href":"https:\/\/edublog.educastur.es\/ciclodependenciavegadeo\/wp-json\/wp\/v2\/categories?post=56"},{"taxonomy":"post_tag","embeddable":true,"href":"https:\/\/edublog.educastur.es\/ciclodependenciavegadeo\/wp-json\/wp\/v2\/tags?post=56"}],"curies":[{"name":"wp","href":"https:\/\/api.w.org\/{rel}","templated":true}]}}