{"id":75,"date":"2021-06-07T09:36:56","date_gmt":"2021-06-07T09:36:56","guid":{"rendered":"https:\/\/edublog.educastur.es\/ciclodependenciavegadeo\/?p=75"},"modified":"2021-06-07T09:36:56","modified_gmt":"2021-06-07T09:36:56","slug":"matricula-en-formacion-profesional-para-el-curso-2021-2022","status":"publish","type":"post","link":"https:\/\/edublog.educastur.es\/ciclodependenciavegadeo\/2021\/06\/07\/matricula-en-formacion-profesional-para-el-curso-2021-2022\/","title":{"rendered":"Matr\u00edcula en Formaci\u00f3n Profesional para el curso 2021-2022"},"content":{"rendered":"<p>El plazo de presentaci\u00f3n de solicitudes de admisi\u00f3n a los Ciclos de Formaci\u00f3n Profesional, ser\u00e1 del <strong>21 de junio al 7 de julio<\/strong>.<\/p>\n<p>Os dejamos toda la informaci\u00f3n en el enlace.<\/p>\n<p><a href=\"https:\/\/www.educastur.es\/-\/fp-presencial-admision-curso-2021-2022?redirect=https%3A%2F%2Fwww.educastur.es%2Finicio%3Bjsessionid%3D6B05C5FBBEE62A9C6E90ED790B63BB61%3Fp_p_id%3D101_INSTANCE_QSFUm4QpFZ6Q%26p_p_lifecycle%3D0%26p_p_state%3Dnormal%26p_p_mode%3Dview%26p_p_col_id%3Dcolumn-1%26p_p_col_pos%3D7%26p_p_col_count%3D25\">https:\/\/www.educastur.es\/-\/fp-presencial-admision-curso-2021-2022?redirect=https%3A%2F%2Fwww.educastur.es%2Finicio%3Bjsessionid%3D6B05C5FBBEE62A9C6E90ED790B63BB61%3Fp_p_id%3D101_INSTANCE_QSFUm4QpFZ6Q%26p_p_lifecycle%3D0%26p_p_state%3Dnormal%26p_p_mode%3Dview%26p_p_col_id%3Dcolumn-1%26p_p_col_pos%3D7%26p_p_col_count%3D25<\/a><\/p>\n","protected":false},"excerpt":{"rendered":"<p>El plazo de presentaci\u00f3n de solicitudes de admisi\u00f3n a los Ciclos de Formaci\u00f3n Profesional, ser\u00e1 del 21 de junio al 7 de julio. Os dejamos toda la informaci\u00f3n en el enlace. https:\/\/www.educastur.es\/-\/fp-presencial-admision-curso-2021-2022?redirect=https%3A%2F%2Fwww.educastur.es%2Finicio%3Bjsessionid%3D6B05C5FBBEE62A9C6E90ED790B63BB61%3Fp_p_id%3D101_INSTANCE_QSFUm4QpFZ6Q%26p_p_lifecycle%3D0%26p_p_state%3Dnormal%26p_p_mode%3Dview%26p_p_col_id%3Dcolumn-1%26p_p_col_pos%3D7%26p_p_col_count%3D25<\/p>\n","protected":false},"author":418,"featured_media":0,"comment_status":"open","ping_status":"open","sticky":false,"template":"","format":"standard","meta":{"footnotes":""},"categories":[1],"tags":[],"class_list":["post-75","post","type-post","status-publish","format-standard","hentry","category-sin-categoria"],"_links":{"self":[{"href":"https:\/\/edublog.educastur.es\/ciclodependenciavegadeo\/wp-json\/wp\/v2\/posts\/75","targetHints":{"allow":["GET"]}}],"collection":[{"href":"https:\/\/edublog.educastur.es\/ciclodependenciavegadeo\/wp-json\/wp\/v2\/posts"}],"about":[{"href":"https:\/\/edublog.educastur.es\/ciclodependenciavegadeo\/wp-json\/wp\/v2\/types\/post"}],"author":[{"embeddable":true,"href":"https:\/\/edublog.educastur.es\/ciclodependenciavegadeo\/wp-json\/wp\/v2\/users\/418"}],"replies":[{"embeddable":true,"href":"https:\/\/edublog.educastur.es\/ciclodependenciavegadeo\/wp-json\/wp\/v2\/comments?post=75"}],"version-history":[{"count":1,"href":"https:\/\/edublog.educastur.es\/ciclodependenciavegadeo\/wp-json\/wp\/v2\/posts\/75\/revisions"}],"predecessor-version":[{"id":76,"href":"https:\/\/edublog.educastur.es\/ciclodependenciavegadeo\/wp-json\/wp\/v2\/posts\/75\/revisions\/76"}],"wp:attachment":[{"href":"https:\/\/edublog.educastur.es\/ciclodependenciavegadeo\/wp-json\/wp\/v2\/media?parent=75"}],"wp:term":[{"taxonomy":"category","embeddable":true,"href":"https:\/\/edublog.educastur.es\/ciclodependenciavegadeo\/wp-json\/wp\/v2\/categories?post=75"},{"taxonomy":"post_tag","embeddable":true,"href":"https:\/\/edublog.educastur.es\/ciclodependenciavegadeo\/wp-json\/wp\/v2\/tags?post=75"}],"curies":[{"name":"wp","href":"https:\/\/api.w.org\/{rel}","templated":true}]}}