{"id":1065,"date":"2023-10-27T09:56:32","date_gmt":"2023-10-27T09:56:32","guid":{"rendered":"https:\/\/edublog.educastur.es\/clarindefilosofia\/?p=1065"},"modified":"2023-10-27T09:56:32","modified_gmt":"2023-10-27T09:56:32","slug":"el-amor-propio","status":"publish","type":"post","link":"https:\/\/edublog.educastur.es\/clarindefilosofia\/2023\/10\/27\/el-amor-propio\/","title":{"rendered":"El amor propio"},"content":{"rendered":"<p style=\"text-align: justify\">Amor propio: \u201cConsideraci\u00f3n y estima que una persona siente por ella misma y por la cual espera ser considerado y estimado por los dem\u00e1s\u201d. Esta es la definici\u00f3n de amor propio seg\u00fan la wikipedia. En mi opini\u00f3n, en ella se centran demasiado en la idea de \u201camarse a uno mismo\u201d y muy poco en la importancia de haber sido amado. Pero yo creo que el amor que nos ofrecen los dem\u00e1s es la base sobre la cual llegamos a construir el amor propio. \u00bfC\u00f3mo podr\u00eda alguien dar algo si nunca, antes, se lo han dado a \u00e9l? Ni siquiera podr\u00eda llegar a concebir qu\u00e9 tiene que dar. Si nos tratan con amor, bondad y compasi\u00f3n; si nos aceptan por lo que somos, entonces nos sentiremos c\u00f3modos siendo nosotros mismos. Y nosotros podemos hacer lo mismo con los dem\u00e1s. Por eso, no creo que se trate de \u201ctengo que amarme a m\u00ed primero, para amar luego a los dem\u00e1s\u201d. Si solo me amase a m\u00ed, hablar\u00edamos de narcisismo. M\u00e1s bien creo que, para poderme amar a m\u00ed mismo, y a los otros, tambi\u00e9n necesito ser amado. Necesito haber aprendido lo que es el amor por otra persona.<\/p>\n<p style=\"text-align: justify\">\u201cNo hay nadie m\u00e1s completo que yo mismo\u201d. Lailah Gifty Akita, fundadora de <em>Volunteers Foundation<\/em><\/p>\n<p style=\"text-align: justify\">\u201cSi no te amas a ti mismo, \u00bfc\u00f3mo puedes esperar que alguien m\u00e1s te ame?\u201d. Alison G. Bailey, escritora<\/p>\n<p style=\"text-align: justify\">En definitiva, desde mi punto de vista, ninguna de ellas tiene raz\u00f3n, pues, para aprender a amarse s\u00ed mismo, insisto, primero has tenido que ser amado. Ni una ni otra reflexiona sobre esto.<\/p>\n<p style=\"text-align: justify\">Adri\u00e1n Mart\u00ednez Gonz\u00e1lez<\/p>\n","protected":false},"excerpt":{"rendered":"<p>Amor propio: \u201cConsideraci\u00f3n y estima que una persona siente por ella misma y por la cual espera ser considerado y estimado por los dem\u00e1s\u201d. Esta es la definici\u00f3n de amor propio seg\u00fan la&#8230;<\/p>\n","protected":false},"author":121,"featured_media":1066,"comment_status":"open","ping_status":"open","sticky":false,"template":"","format":"standard","meta":{"footnotes":""},"categories":[1],"tags":[],"class_list":["post-1065","post","type-post","status-publish","format-standard","has-post-thumbnail","hentry","category-sin-categoria"],"_links":{"self":[{"href":"https:\/\/edublog.educastur.es\/clarindefilosofia\/wp-json\/wp\/v2\/posts\/1065","targetHints":{"allow":["GET"]}}],"collection":[{"href":"https:\/\/edublog.educastur.es\/clarindefilosofia\/wp-json\/wp\/v2\/posts"}],"about":[{"href":"https:\/\/edublog.educastur.es\/clarindefilosofia\/wp-json\/wp\/v2\/types\/post"}],"author":[{"embeddable":true,"href":"https:\/\/edublog.educastur.es\/clarindefilosofia\/wp-json\/wp\/v2\/users\/121"}],"replies":[{"embeddable":true,"href":"https:\/\/edublog.educastur.es\/clarindefilosofia\/wp-json\/wp\/v2\/comments?post=1065"}],"version-history":[{"count":1,"href":"https:\/\/edublog.educastur.es\/clarindefilosofia\/wp-json\/wp\/v2\/posts\/1065\/revisions"}],"predecessor-version":[{"id":1067,"href":"https:\/\/edublog.educastur.es\/clarindefilosofia\/wp-json\/wp\/v2\/posts\/1065\/revisions\/1067"}],"wp:featuredmedia":[{"embeddable":true,"href":"https:\/\/edublog.educastur.es\/clarindefilosofia\/wp-json\/wp\/v2\/media\/1066"}],"wp:attachment":[{"href":"https:\/\/edublog.educastur.es\/clarindefilosofia\/wp-json\/wp\/v2\/media?parent=1065"}],"wp:term":[{"taxonomy":"category","embeddable":true,"href":"https:\/\/edublog.educastur.es\/clarindefilosofia\/wp-json\/wp\/v2\/categories?post=1065"},{"taxonomy":"post_tag","embeddable":true,"href":"https:\/\/edublog.educastur.es\/clarindefilosofia\/wp-json\/wp\/v2\/tags?post=1065"}],"curies":[{"name":"wp","href":"https:\/\/api.w.org\/{rel}","templated":true}]}}