{"id":1075,"date":"2023-10-29T11:19:54","date_gmt":"2023-10-29T11:19:54","guid":{"rendered":"https:\/\/edublog.educastur.es\/clarindefilosofia\/?p=1075"},"modified":"2023-10-29T11:20:43","modified_gmt":"2023-10-29T11:20:43","slug":"existe-la-predestinacion","status":"publish","type":"post","link":"https:\/\/edublog.educastur.es\/clarindefilosofia\/2023\/10\/29\/existe-la-predestinacion\/","title":{"rendered":"\u00bfExiste la predestinaci\u00f3n?"},"content":{"rendered":"<p style=\"text-align: justify\">Lo primero que hay que observar es que la confusi\u00f3n sobre esta pregunta surge s\u00f3lo cuando hay pensamiento. Es un problema conceptual. Por ejemplo, abrir y cerrar la mano no es confuso, hasta que empiezas a pensar si se trata de una acci\u00f3n que ocurre por medio del libre albedr\u00edo o si era algo que estaba predestinado a suceder.<\/p>\n<p style=\"text-align: justify\">La predestinaci\u00f3n es la idea de que todo suceso del universo se halla establecido desde un principio y ocurrir\u00e1 inevitablemente. Pero esta idea se ha confundido con la omnisciencia de Dios, porque choca directamente con muchas ense\u00f1anzas b\u00edblicas. Cualquier forma de entender la predestinaci\u00f3n debe respetar el hecho de la libertad humana; si no, es un error.<\/p>\n<p style=\"text-align: justify\">Si yo digo que Dios predestin\u00f3 a alguien para la salvaci\u00f3n y a otros a la perdici\u00f3n, digo que determin\u00f3 la conducta de cada hombre para que tuvieran ese resultado final. Por ejemplo, Dios cre\u00f3 a todos los animales, y predestin\u00f3 que los perros ladraran y los gatos maullaran, sin poder emitir otro sonido que va en contra de su naturaleza.<\/p>\n<p style=\"text-align: justify\">Existen leyendas que apuestan por la predestinaci\u00f3n, como la rom\u00e1ntica leyenda japonesa que demuestra que el amor est\u00e1 predestinado. Seg\u00fan este mito, las relaciones humanas est\u00e1n predestinadas por un hilo rojo, como una conexi\u00f3n especial que los dioses atan al dedo me\u00f1ique de aquellos que tienen como objeto encontrarse en la vida.<\/p>\n<p style=\"text-align: justify\">Cuando alguien tiene un accidente o muere inesperadamente, la gente dice que era su hora. Si ya est\u00e1 todo predestinado, \u00bfpara qu\u00e9 tomar precauciones? \u00bfDe qu\u00e9 sirve? \u00bfTen\u00edan esas personas una cita ineludible con la muerte? Por supuesto que no. Son sucesos imprevistos. Las personas pueden llegar a ser v\u00edctimas inocentes por casualidad. Lo \u00fanico evidente es que todos estamos predestinados a morir.<\/p>\n<p style=\"text-align: justify\">In\u00e9s Marcos Hern\u00e1ndez<\/p>\n","protected":false},"excerpt":{"rendered":"<p>Lo primero que hay que observar es que la confusi\u00f3n sobre esta pregunta surge s\u00f3lo cuando hay pensamiento. Es un problema conceptual. Por ejemplo, abrir y cerrar la mano no es confuso, hasta&#8230;<\/p>\n","protected":false},"author":121,"featured_media":1077,"comment_status":"open","ping_status":"open","sticky":false,"template":"","format":"standard","meta":{"footnotes":""},"categories":[1],"tags":[],"class_list":["post-1075","post","type-post","status-publish","format-standard","has-post-thumbnail","hentry","category-sin-categoria"],"_links":{"self":[{"href":"https:\/\/edublog.educastur.es\/clarindefilosofia\/wp-json\/wp\/v2\/posts\/1075","targetHints":{"allow":["GET"]}}],"collection":[{"href":"https:\/\/edublog.educastur.es\/clarindefilosofia\/wp-json\/wp\/v2\/posts"}],"about":[{"href":"https:\/\/edublog.educastur.es\/clarindefilosofia\/wp-json\/wp\/v2\/types\/post"}],"author":[{"embeddable":true,"href":"https:\/\/edublog.educastur.es\/clarindefilosofia\/wp-json\/wp\/v2\/users\/121"}],"replies":[{"embeddable":true,"href":"https:\/\/edublog.educastur.es\/clarindefilosofia\/wp-json\/wp\/v2\/comments?post=1075"}],"version-history":[{"count":1,"href":"https:\/\/edublog.educastur.es\/clarindefilosofia\/wp-json\/wp\/v2\/posts\/1075\/revisions"}],"predecessor-version":[{"id":1076,"href":"https:\/\/edublog.educastur.es\/clarindefilosofia\/wp-json\/wp\/v2\/posts\/1075\/revisions\/1076"}],"wp:featuredmedia":[{"embeddable":true,"href":"https:\/\/edublog.educastur.es\/clarindefilosofia\/wp-json\/wp\/v2\/media\/1077"}],"wp:attachment":[{"href":"https:\/\/edublog.educastur.es\/clarindefilosofia\/wp-json\/wp\/v2\/media?parent=1075"}],"wp:term":[{"taxonomy":"category","embeddable":true,"href":"https:\/\/edublog.educastur.es\/clarindefilosofia\/wp-json\/wp\/v2\/categories?post=1075"},{"taxonomy":"post_tag","embeddable":true,"href":"https:\/\/edublog.educastur.es\/clarindefilosofia\/wp-json\/wp\/v2\/tags?post=1075"}],"curies":[{"name":"wp","href":"https:\/\/api.w.org\/{rel}","templated":true}]}}