{"id":1079,"date":"2023-10-29T17:36:43","date_gmt":"2023-10-29T17:36:43","guid":{"rendered":"https:\/\/edublog.educastur.es\/clarindefilosofia\/?p=1079"},"modified":"2023-10-31T08:31:38","modified_gmt":"2023-10-31T08:31:38","slug":"la-paz","status":"publish","type":"post","link":"https:\/\/edublog.educastur.es\/clarindefilosofia\/2023\/10\/29\/la-paz\/","title":{"rendered":"La paz"},"content":{"rendered":"<p style=\"text-align: justify\">La paz es definida por la RAE como el estado de aquel que no se ve disturbado por ning\u00fan conflicto o inquietud, un sentimiento de armon\u00eda interior. Se cuentan historias sobre personas que han alcanzado este estado mental. Entre ellas, destacan las de los grandes l\u00edderes religiosos: Buda y Jesucristo. Pero cada uno entiende esta armon\u00eda de forma distinta. Para Buda, era \u201cla iluminaci\u00f3n\u201d; y para Jesucristo, un \u201cdon de Dios\u201d. Ambos ense\u00f1aban formas muy similares de alcanzar ese estado de \u201cgracia\u201d: abandonar los placeres f\u00edsicos y materiales; no dejarse llevar por la codicia; tener autodisciplina y fortaleza para evitar las conductas imprudentes; y alcanzar el equilibrio emocional, cultivando sentimientos positivos como el amor y la compasi\u00f3n, y evitando los negativos, como el odio o el ego\u00edsmo.<\/p>\n<p style=\"text-align: justify\">Estos personajes legendarios lograron la armon\u00eda de forma muy similar, y en entornos tambi\u00e9n similares. Pero me pregunto si nosotros ser\u00edamos capaces de alcanzar esa paz en esta sociedad actual. Yo opino que no; y con ello no me refiero a que sea imposible de alcanzar en nuestra \u00e9poca, sino a que es pr\u00e1cticamente imposible de obtener en la sociedad moderna.<\/p>\n<p style=\"text-align: justify\">El principal motivo que me lleva a pensar esto es la propia vida moderna, en la que para conseguir cualquier cosa se necesita dinero; en la que se recompensa a las personas ego\u00edstas, ambiciosas y avariciosas; en la que se desalienta a aquellas personas altruistas, tranquilas y minimalistas; en la que los primeros se aprovechan de los segundos y a menudo confunden su posici\u00f3n de segundones con debilidades o idiotez. Aunque esto lleva pasando desde tiempos inmemoriales, la situaci\u00f3n ha empeorado \u00faltimamente por culpa de las redes sociales y de la creciente dificultad de evitar a aquellas personas que te quieren mal. Esta realidad nos ha obligado a cambiar nuestra natural predisposici\u00f3n pac\u00edfica para protegernos de abusos y del constante estr\u00e9s que nos provoca el vivir en continua exposici\u00f3n p\u00fablica.<\/p>\n<p style=\"text-align: justify\">El ver que no sea posible o f\u00e1cil alcanzar la \u201ciluminaci\u00f3n\u201d en esta sociedad me deja con una pregunta: \u00bfSe podr\u00e1 alcanzar la paz interior m\u00e1s f\u00e1cilmente en las sociedades del futuro? Quiz\u00e1s este sea el primer paso para alcanzar la paz mundial.<\/p>\n<p style=\"text-align: justify\">Ra\u00fal Llorens Garc\u00eda<\/p>\n","protected":false},"excerpt":{"rendered":"<p>La paz es definida por la RAE como el estado de aquel que no se ve disturbado por ning\u00fan conflicto o inquietud, un sentimiento de armon\u00eda interior. Se cuentan historias sobre personas que&#8230;<\/p>\n","protected":false},"author":121,"featured_media":0,"comment_status":"open","ping_status":"open","sticky":false,"template":"","format":"standard","meta":{"footnotes":""},"categories":[1],"tags":[],"class_list":["post-1079","post","type-post","status-publish","format-standard","hentry","category-sin-categoria"],"_links":{"self":[{"href":"https:\/\/edublog.educastur.es\/clarindefilosofia\/wp-json\/wp\/v2\/posts\/1079","targetHints":{"allow":["GET"]}}],"collection":[{"href":"https:\/\/edublog.educastur.es\/clarindefilosofia\/wp-json\/wp\/v2\/posts"}],"about":[{"href":"https:\/\/edublog.educastur.es\/clarindefilosofia\/wp-json\/wp\/v2\/types\/post"}],"author":[{"embeddable":true,"href":"https:\/\/edublog.educastur.es\/clarindefilosofia\/wp-json\/wp\/v2\/users\/121"}],"replies":[{"embeddable":true,"href":"https:\/\/edublog.educastur.es\/clarindefilosofia\/wp-json\/wp\/v2\/comments?post=1079"}],"version-history":[{"count":3,"href":"https:\/\/edublog.educastur.es\/clarindefilosofia\/wp-json\/wp\/v2\/posts\/1079\/revisions"}],"predecessor-version":[{"id":1088,"href":"https:\/\/edublog.educastur.es\/clarindefilosofia\/wp-json\/wp\/v2\/posts\/1079\/revisions\/1088"}],"wp:attachment":[{"href":"https:\/\/edublog.educastur.es\/clarindefilosofia\/wp-json\/wp\/v2\/media?parent=1079"}],"wp:term":[{"taxonomy":"category","embeddable":true,"href":"https:\/\/edublog.educastur.es\/clarindefilosofia\/wp-json\/wp\/v2\/categories?post=1079"},{"taxonomy":"post_tag","embeddable":true,"href":"https:\/\/edublog.educastur.es\/clarindefilosofia\/wp-json\/wp\/v2\/tags?post=1079"}],"curies":[{"name":"wp","href":"https:\/\/api.w.org\/{rel}","templated":true}]}}