{"id":1102,"date":"2023-11-03T12:38:15","date_gmt":"2023-11-03T12:38:15","guid":{"rendered":"https:\/\/edublog.educastur.es\/clarindefilosofia\/?p=1102"},"modified":"2023-11-04T18:41:25","modified_gmt":"2023-11-04T18:41:25","slug":"1102","status":"publish","type":"post","link":"https:\/\/edublog.educastur.es\/clarindefilosofia\/2023\/11\/03\/1102\/","title":{"rendered":"\u00bfSomos lo que pensamos que somos?"},"content":{"rendered":"<p style=\"text-align: justify\">La mayor\u00eda de las veces nos sorprendemos cuando la gente nos dice c\u00f3mo nos ve realmente, pues nosotros pretendemos proyectar una imagen diferente, ya sea consciente o inconscientemente.<\/p>\n<p style=\"text-align: justify\">Nosotros queremos dar una buena imagen de nosotros mismos; queremos que tengan buena opini\u00f3n de nosotros. Por eso, algunas personas, en realidad, s\u00f3lo fingen c\u00f3mo son. Esto se ve claramente en el caso de los \u201cinfluencers\u201d. Esta gente, por las redes sociales, te muestran una vida id\u00edlica, una forma de ser perfecta. Pero, tras la pantalla, todo es una mentira. Aunque muchas veces tengan el privilegio de ganar dinero tan solo subiendo un video o yendo de viaje, tambi\u00e9n son personas y pasan malos momentos.<\/p>\n<p style=\"text-align: justify\">Cuando estamos con gente cercana, nos mostramos tal y como somos. No tenemos miedo a ser juzgados y hay confianza. Por lo tanto, nos sentimos seguros. En cambio, cuando llegas a un sitio y hay un grupo de gente que no conoces, te pones una m\u00e1scara para no mostrar realmente c\u00f3mo eres, e incluso falsificas tu forma de ser por miedo a ser juzgado o a que te hagan da\u00f1o al mostrar tu parte m\u00e1s vulnerable. Y cuando ya llevas un tiempo conociendo a esa gente y te dicen c\u00f3mo te ven realmente, entonces te sorprendes.<\/p>\n<p style=\"text-align: justify\">En realidad, la persona es a\u00fan m\u00e1s cambiante que el r\u00edo de Her\u00e1clito: nunca es vista dos veces de la misma manera, pues cambia tanto la persona percibida como la forma de quien la percibe.<\/p>\n<p style=\"text-align: justify\">Pilar Hern\u00e1ndez Su\u00e1rez<\/p>\n","protected":false},"excerpt":{"rendered":"<p>La mayor\u00eda de las veces nos sorprendemos cuando la gente nos dice c\u00f3mo nos ve realmente, pues nosotros pretendemos proyectar una imagen diferente, ya sea consciente o inconscientemente. Nosotros queremos dar una buena&#8230;<\/p>\n","protected":false},"author":121,"featured_media":1103,"comment_status":"open","ping_status":"open","sticky":false,"template":"","format":"standard","meta":{"footnotes":""},"categories":[1],"tags":[],"class_list":["post-1102","post","type-post","status-publish","format-standard","has-post-thumbnail","hentry","category-sin-categoria"],"_links":{"self":[{"href":"https:\/\/edublog.educastur.es\/clarindefilosofia\/wp-json\/wp\/v2\/posts\/1102","targetHints":{"allow":["GET"]}}],"collection":[{"href":"https:\/\/edublog.educastur.es\/clarindefilosofia\/wp-json\/wp\/v2\/posts"}],"about":[{"href":"https:\/\/edublog.educastur.es\/clarindefilosofia\/wp-json\/wp\/v2\/types\/post"}],"author":[{"embeddable":true,"href":"https:\/\/edublog.educastur.es\/clarindefilosofia\/wp-json\/wp\/v2\/users\/121"}],"replies":[{"embeddable":true,"href":"https:\/\/edublog.educastur.es\/clarindefilosofia\/wp-json\/wp\/v2\/comments?post=1102"}],"version-history":[{"count":2,"href":"https:\/\/edublog.educastur.es\/clarindefilosofia\/wp-json\/wp\/v2\/posts\/1102\/revisions"}],"predecessor-version":[{"id":1111,"href":"https:\/\/edublog.educastur.es\/clarindefilosofia\/wp-json\/wp\/v2\/posts\/1102\/revisions\/1111"}],"wp:featuredmedia":[{"embeddable":true,"href":"https:\/\/edublog.educastur.es\/clarindefilosofia\/wp-json\/wp\/v2\/media\/1103"}],"wp:attachment":[{"href":"https:\/\/edublog.educastur.es\/clarindefilosofia\/wp-json\/wp\/v2\/media?parent=1102"}],"wp:term":[{"taxonomy":"category","embeddable":true,"href":"https:\/\/edublog.educastur.es\/clarindefilosofia\/wp-json\/wp\/v2\/categories?post=1102"},{"taxonomy":"post_tag","embeddable":true,"href":"https:\/\/edublog.educastur.es\/clarindefilosofia\/wp-json\/wp\/v2\/tags?post=1102"}],"curies":[{"name":"wp","href":"https:\/\/api.w.org\/{rel}","templated":true}]}}