{"id":1108,"date":"2023-11-04T18:31:04","date_gmt":"2023-11-04T18:31:04","guid":{"rendered":"https:\/\/edublog.educastur.es\/clarindefilosofia\/?p=1108"},"modified":"2023-11-04T18:31:04","modified_gmt":"2023-11-04T18:31:04","slug":"puede-la-inteligencia-artificial-tener-conciencia-y-emociones","status":"publish","type":"post","link":"https:\/\/edublog.educastur.es\/clarindefilosofia\/2023\/11\/04\/puede-la-inteligencia-artificial-tener-conciencia-y-emociones\/","title":{"rendered":"\u00bfPuede la inteligencia artificial tener conciencia y emociones?"},"content":{"rendered":"<p style=\"text-align: justify\">La cuesti\u00f3n de si la tecnolog\u00eda y la inteligencia artificial (IA) pueden tener conciencia y emociones es central en la filosof\u00eda de la mente y la \u00e9tica. A medida que se desarrolla la inteligencia artificial, resulta dudoso que sea posible experimentar la conciencia y las emociones m\u00e1s all\u00e1 de la programaci\u00f3n.<\/p>\n<p style=\"text-align: justify\">En el centro de esta pregunta est\u00e1 la naturaleza de la conciencia y las emociones. Algunas personas sostienen que la conciencia es una caracter\u00edstica \u00fanica de los seres vivos que no puede replicarse en las m\u00e1quinas. Otros sugieren que es te\u00f3ricamente posible que la IA alcance un nivel de sofisticaci\u00f3n tal que le permita simular la conciencia y las emociones, incluso aunque difieran de la experiencia humana.<\/p>\n<p style=\"text-align: justify\">La cuesti\u00f3n, al final, nos lleva a considerar los l\u00edmites de la inteligencia y la \u00e9tica en relaci\u00f3n con la tecnolog\u00eda. Aunque actualmente no existe un consenso sobre este tema, esta pregunta nos pide abordar la \u00e9tica de la creaci\u00f3n y el uso de la IA. Tambi\u00e9n necesitamos explorar lo que significa ser consciente y emocional, y si la tecnolog\u00eda puede o no reproducir estas experiencias humanas. A medida que se avanza en este campo, es importante abordar los dilemas \u00e9ticos que genera la tecnolog\u00eda para que esta sea beneficiosa y no perjudicial para la humanidad.<\/p>\n<p style=\"text-align: justify\">Pelayo Su\u00e1rez Fern\u00e1ndez<\/p>\n","protected":false},"excerpt":{"rendered":"<p>La cuesti\u00f3n de si la tecnolog\u00eda y la inteligencia artificial (IA) pueden tener conciencia y emociones es central en la filosof\u00eda de la mente y la \u00e9tica. A medida que se desarrolla la&#8230;<\/p>\n","protected":false},"author":121,"featured_media":1109,"comment_status":"open","ping_status":"open","sticky":false,"template":"","format":"standard","meta":{"footnotes":""},"categories":[1],"tags":[],"class_list":["post-1108","post","type-post","status-publish","format-standard","has-post-thumbnail","hentry","category-sin-categoria"],"_links":{"self":[{"href":"https:\/\/edublog.educastur.es\/clarindefilosofia\/wp-json\/wp\/v2\/posts\/1108","targetHints":{"allow":["GET"]}}],"collection":[{"href":"https:\/\/edublog.educastur.es\/clarindefilosofia\/wp-json\/wp\/v2\/posts"}],"about":[{"href":"https:\/\/edublog.educastur.es\/clarindefilosofia\/wp-json\/wp\/v2\/types\/post"}],"author":[{"embeddable":true,"href":"https:\/\/edublog.educastur.es\/clarindefilosofia\/wp-json\/wp\/v2\/users\/121"}],"replies":[{"embeddable":true,"href":"https:\/\/edublog.educastur.es\/clarindefilosofia\/wp-json\/wp\/v2\/comments?post=1108"}],"version-history":[{"count":1,"href":"https:\/\/edublog.educastur.es\/clarindefilosofia\/wp-json\/wp\/v2\/posts\/1108\/revisions"}],"predecessor-version":[{"id":1110,"href":"https:\/\/edublog.educastur.es\/clarindefilosofia\/wp-json\/wp\/v2\/posts\/1108\/revisions\/1110"}],"wp:featuredmedia":[{"embeddable":true,"href":"https:\/\/edublog.educastur.es\/clarindefilosofia\/wp-json\/wp\/v2\/media\/1109"}],"wp:attachment":[{"href":"https:\/\/edublog.educastur.es\/clarindefilosofia\/wp-json\/wp\/v2\/media?parent=1108"}],"wp:term":[{"taxonomy":"category","embeddable":true,"href":"https:\/\/edublog.educastur.es\/clarindefilosofia\/wp-json\/wp\/v2\/categories?post=1108"},{"taxonomy":"post_tag","embeddable":true,"href":"https:\/\/edublog.educastur.es\/clarindefilosofia\/wp-json\/wp\/v2\/tags?post=1108"}],"curies":[{"name":"wp","href":"https:\/\/api.w.org\/{rel}","templated":true}]}}