{"id":1169,"date":"2024-02-01T18:09:40","date_gmt":"2024-02-01T18:09:40","guid":{"rendered":"https:\/\/edublog.educastur.es\/clarindefilosofia\/?p=1169"},"modified":"2024-02-01T18:09:40","modified_gmt":"2024-02-01T18:09:40","slug":"descartes-en-tesla-el-filosofo-que-revolucionaria-los-coches-electricos","status":"publish","type":"post","link":"https:\/\/edublog.educastur.es\/clarindefilosofia\/2024\/02\/01\/descartes-en-tesla-el-filosofo-que-revolucionaria-los-coches-electricos\/","title":{"rendered":"Descartes en Tesla. El fil\u00f3sofo que revolucionar\u00eda los coches el\u00e9ctricos"},"content":{"rendered":"<p style=\"text-align: justify\">Descartes fue un fil\u00f3sofo y matem\u00e1tico del siglo XVII. Creo que todos hemos escuchado alguna vez su nombre. Pero yo os planteo la siguiente pregunta: \u00bfY si viviera en la \u00e9poca actual, ya sea porque naciera y se hiciera famoso como fil\u00f3sofo ahora, o porque de alguna manera hubiera logrado llegar a nuestro tiempo? \u00bfY si Elon Musk confiara por completo en este fil\u00f3sofo para dirigir su empresa de coches? \u00bfEn qu\u00e9 cambiar\u00edan los coches? \u00bfSer\u00edan mejores? Siguiendo la perspectiva filos\u00f3fica de Descartes, intentar\u00e9 contar lo que creo que pasar\u00eda.<\/p>\n<p style=\"text-align: justify\">El proceso de fabricaci\u00f3n, en manos de este fil\u00f3sofo, se llevar\u00eda a cabo con una perspectiva m\u00e1s met\u00f3dica y ordenada; con una atenci\u00f3n meticulosa al detalle. Todo estar\u00eda impulsado por una constante b\u00fasqueda de la verdad en sus productos. Esto llevar\u00eda a la empresa a unos niveles de calidad de producci\u00f3n insuperables, por los que cada autom\u00f3vil ser\u00eda una manifestaci\u00f3n de la certeza y la perfecci\u00f3n.<\/p>\n<p style=\"text-align: justify\">As\u00ed, la Tesla de Descartes destacar\u00eda por su gran fiabilidad y t\u00e9cnica. Como aplicar\u00eda su m\u00e9todo de duda, eliminar\u00eda cualquier posibilidad de error que pudiera darse en sus veh\u00edculos el\u00e9ctricos tele-controlados, haci\u00e9ndolos seguros y eficientes a un nivel sin igual. \u00bfPero cu\u00e1l es este m\u00e9todo? Descartes us\u00f3 la \u00abduda met\u00f3dica\u00bb para cuestionar todo y encontrar verdades seguras. Imaginemos que nada es cierto. Pero, al dudar, estas pensando, y, si est\u00e1s pensando, existes. Esto significa que es imposible dudar de la existencia de alguien que piense (de ah\u00ed la famosa frase \u201cpienso luego existo\u201d). Esta reflexi\u00f3n construy\u00f3 algo irrefutable: la existencia del pensador mismo. De este modo, Descartes dedujo sus principios indubitables desde este punto seguro, como la existencia de Dios. En el contexto de Tesla, esto implicar\u00eda tal \u00e9nfasis en la certeza y la precisi\u00f3n, asegur\u00e1ndose de que cada aspecto fuese perfecto al m\u00ednimo detalle, desde el dise\u00f1o hasta la producci\u00f3n, que un coche fabricado por la Tesla-Descartes ser\u00eda fiable y eficiente al extremo, pues estar\u00eda fundamentado sobre principios s\u00f3lidos e irrefutables.<\/p>\n<p style=\"text-align: justify\">Aunque es imposible traer a Descartes con nosotros, me parece muy sugerente relacionar su filosof\u00eda con un caso como este. Ciertamente, ser\u00eda sumamente interesante poder hablar con alguien como Descartes sobre este tipo de temas.<\/p>\n<p style=\"text-align: justify\">Paula Covi\u00e1n Fern\u00e1ndez<\/p>\n","protected":false},"excerpt":{"rendered":"<p>Descartes fue un fil\u00f3sofo y matem\u00e1tico del siglo XVII. Creo que todos hemos escuchado alguna vez su nombre. Pero yo os planteo la siguiente pregunta: \u00bfY si viviera en la \u00e9poca actual, ya&#8230;<\/p>\n","protected":false},"author":121,"featured_media":1170,"comment_status":"open","ping_status":"open","sticky":false,"template":"","format":"standard","meta":{"footnotes":""},"categories":[1],"tags":[],"class_list":["post-1169","post","type-post","status-publish","format-standard","has-post-thumbnail","hentry","category-sin-categoria"],"_links":{"self":[{"href":"https:\/\/edublog.educastur.es\/clarindefilosofia\/wp-json\/wp\/v2\/posts\/1169","targetHints":{"allow":["GET"]}}],"collection":[{"href":"https:\/\/edublog.educastur.es\/clarindefilosofia\/wp-json\/wp\/v2\/posts"}],"about":[{"href":"https:\/\/edublog.educastur.es\/clarindefilosofia\/wp-json\/wp\/v2\/types\/post"}],"author":[{"embeddable":true,"href":"https:\/\/edublog.educastur.es\/clarindefilosofia\/wp-json\/wp\/v2\/users\/121"}],"replies":[{"embeddable":true,"href":"https:\/\/edublog.educastur.es\/clarindefilosofia\/wp-json\/wp\/v2\/comments?post=1169"}],"version-history":[{"count":1,"href":"https:\/\/edublog.educastur.es\/clarindefilosofia\/wp-json\/wp\/v2\/posts\/1169\/revisions"}],"predecessor-version":[{"id":1171,"href":"https:\/\/edublog.educastur.es\/clarindefilosofia\/wp-json\/wp\/v2\/posts\/1169\/revisions\/1171"}],"wp:featuredmedia":[{"embeddable":true,"href":"https:\/\/edublog.educastur.es\/clarindefilosofia\/wp-json\/wp\/v2\/media\/1170"}],"wp:attachment":[{"href":"https:\/\/edublog.educastur.es\/clarindefilosofia\/wp-json\/wp\/v2\/media?parent=1169"}],"wp:term":[{"taxonomy":"category","embeddable":true,"href":"https:\/\/edublog.educastur.es\/clarindefilosofia\/wp-json\/wp\/v2\/categories?post=1169"},{"taxonomy":"post_tag","embeddable":true,"href":"https:\/\/edublog.educastur.es\/clarindefilosofia\/wp-json\/wp\/v2\/tags?post=1169"}],"curies":[{"name":"wp","href":"https:\/\/api.w.org\/{rel}","templated":true}]}}