{"id":1222,"date":"2024-12-03T12:59:42","date_gmt":"2024-12-03T12:59:42","guid":{"rendered":"https:\/\/edublog.educastur.es\/clarindefilosofia\/?p=1222"},"modified":"2024-12-03T12:59:42","modified_gmt":"2024-12-03T12:59:42","slug":"un-mundo-sin-reflexiones","status":"publish","type":"post","link":"https:\/\/edublog.educastur.es\/clarindefilosofia\/2024\/12\/03\/un-mundo-sin-reflexiones\/","title":{"rendered":"Un mundo sin reflexiones"},"content":{"rendered":"<p style=\"text-align: justify\">Es f\u00e1cil pensar que podr\u00edamos vivir s\u00f3lo con unas creencias b\u00e1sicas, con una \u00fanica forma de pensamiento. Pero la verdad es que eso nos conducir\u00e1 a un mundo m\u00e1s complejo y lleno de conflictos.<\/p>\n<p style=\"text-align: justify\">La religi\u00f3n es un pensamiento que permite reflexiones \u00fanicas, esperanzas y una forma m\u00e1s cerrada de ver la existencia, el origen y el fin de todo. Esta forma de pensamiento crea una sociedad llena de diferentes comunidades, que m\u00e1s o menos se pueden llegar a entender entre s\u00ed.<\/p>\n<p style=\"text-align: justify\">La filosof\u00eda, en cambio, es un pensamiento abierto que permite reflexiones cr\u00edticas y morales, en las que se explica la forma del saber y ser de todo. Es otra forma de ver la existencia. Asimismo, la filosof\u00eda tambi\u00e9n puede crear comunidades donde se pueda dar el acuerdo y disenso entre unos y otros, pero comunic\u00e1ndose de forma extendida y libre.<\/p>\n<p style=\"text-align: justify\">Un mundo sin la religi\u00f3n y sin la filosof\u00eda s\u00f3lo desembocar\u00eda en conflictos existenciales\u00a0 y morales, sociales e incluso pol\u00edticos, sin posibilidad de consenso. La restricci\u00f3n de pensamiento y elecci\u00f3n s\u00f3lo conduce a la desigualdad y la discriminaci\u00f3n. En conclusi\u00f3n es que un mundo sin diversidad de pensamientos no es un mundo sin problemas. Es importante preservar un equilibrio entre religi\u00f3n y filosof\u00eda para construir un mundo con una actitud tanto m\u00e1s cr\u00edtica como m\u00e1s esperanzada con la realidad.<\/p>\n<p style=\"text-align: justify\">Aid\u00e9 Fern\u00e1ndez Mart\u00ednez<\/p>\n","protected":false},"excerpt":{"rendered":"<p>Es f\u00e1cil pensar que podr\u00edamos vivir s\u00f3lo con unas creencias b\u00e1sicas, con una \u00fanica forma de pensamiento. Pero la verdad es que eso nos conducir\u00e1 a un mundo m\u00e1s complejo y lleno de&#8230;<\/p>\n","protected":false},"author":121,"featured_media":1223,"comment_status":"open","ping_status":"open","sticky":false,"template":"","format":"standard","meta":{"footnotes":""},"categories":[1],"tags":[],"class_list":["post-1222","post","type-post","status-publish","format-standard","has-post-thumbnail","hentry","category-sin-categoria"],"_links":{"self":[{"href":"https:\/\/edublog.educastur.es\/clarindefilosofia\/wp-json\/wp\/v2\/posts\/1222","targetHints":{"allow":["GET"]}}],"collection":[{"href":"https:\/\/edublog.educastur.es\/clarindefilosofia\/wp-json\/wp\/v2\/posts"}],"about":[{"href":"https:\/\/edublog.educastur.es\/clarindefilosofia\/wp-json\/wp\/v2\/types\/post"}],"author":[{"embeddable":true,"href":"https:\/\/edublog.educastur.es\/clarindefilosofia\/wp-json\/wp\/v2\/users\/121"}],"replies":[{"embeddable":true,"href":"https:\/\/edublog.educastur.es\/clarindefilosofia\/wp-json\/wp\/v2\/comments?post=1222"}],"version-history":[{"count":1,"href":"https:\/\/edublog.educastur.es\/clarindefilosofia\/wp-json\/wp\/v2\/posts\/1222\/revisions"}],"predecessor-version":[{"id":1224,"href":"https:\/\/edublog.educastur.es\/clarindefilosofia\/wp-json\/wp\/v2\/posts\/1222\/revisions\/1224"}],"wp:featuredmedia":[{"embeddable":true,"href":"https:\/\/edublog.educastur.es\/clarindefilosofia\/wp-json\/wp\/v2\/media\/1223"}],"wp:attachment":[{"href":"https:\/\/edublog.educastur.es\/clarindefilosofia\/wp-json\/wp\/v2\/media?parent=1222"}],"wp:term":[{"taxonomy":"category","embeddable":true,"href":"https:\/\/edublog.educastur.es\/clarindefilosofia\/wp-json\/wp\/v2\/categories?post=1222"},{"taxonomy":"post_tag","embeddable":true,"href":"https:\/\/edublog.educastur.es\/clarindefilosofia\/wp-json\/wp\/v2\/tags?post=1222"}],"curies":[{"name":"wp","href":"https:\/\/api.w.org\/{rel}","templated":true}]}}