{"id":1234,"date":"2025-03-25T10:26:36","date_gmt":"2025-03-25T10:26:36","guid":{"rendered":"https:\/\/edublog.educastur.es\/clarindefilosofia\/?p=1234"},"modified":"2025-03-25T10:26:36","modified_gmt":"2025-03-25T10:26:36","slug":"vivir-eternamente-conocer-los-limites","status":"publish","type":"post","link":"https:\/\/edublog.educastur.es\/clarindefilosofia\/2025\/03\/25\/vivir-eternamente-conocer-los-limites\/","title":{"rendered":"Vivir eternamente, conocer los l\u00edmites"},"content":{"rendered":"<p style=\"text-align: justify\">Hume sostiene la idea de que todo conocimiento tiene como punto de partida la experiencia y, en el momento en el que esta no est\u00e1 completa \u2014 no constituye, en s\u00ed misma, un todo, desde una visi\u00f3n global \u2014, no nos conduce a un entendimiento \u00edntegro de la realidad. Los seres humanos, adem\u00e1s, estamos condenados por nuestro \u201cego\u201d al individualismo m\u00e1s limitante; somos emocionales e irracionales.<\/p>\n<p style=\"text-align: justify\">Kierkegaard, fil\u00f3sofo existencialista, defiende por su parte que la vida se trata de escoger. De este modo, podemos identificar el \u201cconocimiento absoluto\u201d con una enorme red de caminos \u2014experiencias \u2014 que nos conducen a porciones del saber.<\/p>\n<p style=\"text-align: justify\">Los seres humanos avanzamos a trav\u00e9s de la vida tomando decisiones. Si nos fuera concedida la vida eterna, esta condici\u00f3n no eliminar\u00eda nuestra obligaci\u00f3n de decidir. Estas decisiones son bifurcaciones en el camino. Incluso si fu\u00e9ramos inmortales, el tiempo seguir\u00eda adelante sin tenernos en cuenta, y, con \u00e9l, el avance tecnol\u00f3gico y social del mundo. Tomando decisiones y dando prioridad a nuevos saberes, dejar\u00edamos atr\u00e1s aquellos caminos que, en su momento, no tomamos. Debido a la prisa generalizada por el desarrollo, la posibilidad de recular y escoger la bifurcaci\u00f3n contraria podr\u00eda desaparecer; hemos tomado una decisi\u00f3n.<\/p>\n<p style=\"text-align: justify\">Por lo tanto, hay experiencias que podr\u00edamos haber vivido, ense\u00f1anzas de las que nos podr\u00edamos haber nutrido y conocimientos que podr\u00edamos haber adquirido si hubi\u00e9ramos podido experimentar toda la infinitud de opciones disponibles a lo largo de la eternidad de nuestra existencia; incluso los que suponen una contradicci\u00f3n en s\u00ed mismos.<\/p>\n<p style=\"text-align: justify\">\nD. Selene Romero Gonz\u00e1lez<\/p>\n","protected":false},"excerpt":{"rendered":"<p>Hume sostiene la idea de que todo conocimiento tiene como punto de partida la experiencia y, en el momento en el que esta no est\u00e1 completa \u2014 no constituye, en s\u00ed misma, un&#8230;<\/p>\n","protected":false},"author":121,"featured_media":1235,"comment_status":"open","ping_status":"open","sticky":false,"template":"","format":"standard","meta":{"footnotes":""},"categories":[1],"tags":[],"class_list":["post-1234","post","type-post","status-publish","format-standard","has-post-thumbnail","hentry","category-sin-categoria"],"_links":{"self":[{"href":"https:\/\/edublog.educastur.es\/clarindefilosofia\/wp-json\/wp\/v2\/posts\/1234","targetHints":{"allow":["GET"]}}],"collection":[{"href":"https:\/\/edublog.educastur.es\/clarindefilosofia\/wp-json\/wp\/v2\/posts"}],"about":[{"href":"https:\/\/edublog.educastur.es\/clarindefilosofia\/wp-json\/wp\/v2\/types\/post"}],"author":[{"embeddable":true,"href":"https:\/\/edublog.educastur.es\/clarindefilosofia\/wp-json\/wp\/v2\/users\/121"}],"replies":[{"embeddable":true,"href":"https:\/\/edublog.educastur.es\/clarindefilosofia\/wp-json\/wp\/v2\/comments?post=1234"}],"version-history":[{"count":1,"href":"https:\/\/edublog.educastur.es\/clarindefilosofia\/wp-json\/wp\/v2\/posts\/1234\/revisions"}],"predecessor-version":[{"id":1236,"href":"https:\/\/edublog.educastur.es\/clarindefilosofia\/wp-json\/wp\/v2\/posts\/1234\/revisions\/1236"}],"wp:featuredmedia":[{"embeddable":true,"href":"https:\/\/edublog.educastur.es\/clarindefilosofia\/wp-json\/wp\/v2\/media\/1235"}],"wp:attachment":[{"href":"https:\/\/edublog.educastur.es\/clarindefilosofia\/wp-json\/wp\/v2\/media?parent=1234"}],"wp:term":[{"taxonomy":"category","embeddable":true,"href":"https:\/\/edublog.educastur.es\/clarindefilosofia\/wp-json\/wp\/v2\/categories?post=1234"},{"taxonomy":"post_tag","embeddable":true,"href":"https:\/\/edublog.educastur.es\/clarindefilosofia\/wp-json\/wp\/v2\/tags?post=1234"}],"curies":[{"name":"wp","href":"https:\/\/api.w.org\/{rel}","templated":true}]}}