{"id":57,"date":"2020-10-26T17:29:41","date_gmt":"2020-10-26T17:29:41","guid":{"rendered":"https:\/\/edublog.educastur.es\/clarindefilosofia\/?p=57"},"modified":"2020-10-26T17:31:39","modified_gmt":"2020-10-26T17:31:39","slug":"libertad-vs-coronavirus","status":"publish","type":"post","link":"https:\/\/edublog.educastur.es\/clarindefilosofia\/2020\/10\/26\/libertad-vs-coronavirus\/","title":{"rendered":"Libertad vs. Coronavirus"},"content":{"rendered":"<p style=\"text-align: justify\">Hoy en d\u00eda, incluso en los pa\u00edses m\u00e1s liberales, se est\u00e1 empezando a implantar m\u00e9todos para controlar a la poblaci\u00f3n, que van desde la imposici\u00f3n de multas o penas de c\u00e1rcel, con mayor o menor presencia policial, e incluso del Ej\u00e9rcito, en las calles, hasta el despliegue de drones o la monitorizaci\u00f3n de los movimientos de las personas a trav\u00e9s de Apps, smartphones y otros dispositivos. La pregunta es \u00bfhasta qu\u00e9 punto estamos dispuestos a ceder nuestra libertad?<\/p>\n<p style=\"text-align: justify\">Pongamos el caso de una persona que ha nacido en un entorno apartado de la \u00e9tica (lo que est\u00e1 bien, y lo que est\u00e1 mal) y que ha sido criada sin ning\u00fan estereotipo o \u201cnorma de educaci\u00f3n\u201d (algo subjetivo que var\u00eda dependiendo de la cultura). Dando por supuesto que este hipot\u00e9tico caso es imposible, ahora supongamos que esta persona, que ha sido totalmente libre durante su infancia y educaci\u00f3n, se encuentra en la situaci\u00f3n en la que estamos, una pandemia que est\u00e1 provocando gran cantidad de muertes. Le decimos que, por el bien de todos, es obligatorio el uso de la mascarilla y tambi\u00e9n quedarse en casa entre las once de la noche y la seis de la ma\u00f1ana, adem\u00e1s de cumplir muchas otras normas. \u00bfC\u00f3mo reaccionar\u00eda?<\/p>\n<p style=\"text-align: justify\">Realmente, y aunque el contexto del coronavirus sirva \u00fanicamente como ejemplo, no somos tan libres como creemos. Vivimos en una sociedad democr\u00e1tica y, aunque las leyes o las restricciones son m\u00e1s que necesarias y yo no pretenda negar eso, debemos tambi\u00e9n ser conscientes de que su incumplimiento acarrear\u00e1 graves consecuencias, estemos de acuerdo con ellas o no, las hayamos elegido o no.<\/p>\n<p style=\"text-align: justify\">En resumen, el paisaje cotidiano ha cambiado: calles desiertas, playas sin ba\u00f1istas, bosques sin excursionistas y las personas que salen, con mascarilla. Nuestra vida ya no es la misma, en la medida en que tambi\u00e9n hemos cedido espacios de libertad personal y colectiva para evitar contagios y m\u00e1s muertes.<\/p>\n<p>Julia Berdasco Garc\u00eda<\/p>\n","protected":false},"excerpt":{"rendered":"<p>Hoy en d\u00eda, incluso en los pa\u00edses m\u00e1s liberales, se est\u00e1 empezando a implantar m\u00e9todos para controlar a la poblaci\u00f3n, que van desde la imposici\u00f3n de multas o penas de c\u00e1rcel, con mayor&#8230;<\/p>\n","protected":false},"author":121,"featured_media":0,"comment_status":"open","ping_status":"open","sticky":false,"template":"","format":"standard","meta":{"footnotes":""},"categories":[1],"tags":[],"class_list":["post-57","post","type-post","status-publish","format-standard","hentry","category-sin-categoria"],"_links":{"self":[{"href":"https:\/\/edublog.educastur.es\/clarindefilosofia\/wp-json\/wp\/v2\/posts\/57","targetHints":{"allow":["GET"]}}],"collection":[{"href":"https:\/\/edublog.educastur.es\/clarindefilosofia\/wp-json\/wp\/v2\/posts"}],"about":[{"href":"https:\/\/edublog.educastur.es\/clarindefilosofia\/wp-json\/wp\/v2\/types\/post"}],"author":[{"embeddable":true,"href":"https:\/\/edublog.educastur.es\/clarindefilosofia\/wp-json\/wp\/v2\/users\/121"}],"replies":[{"embeddable":true,"href":"https:\/\/edublog.educastur.es\/clarindefilosofia\/wp-json\/wp\/v2\/comments?post=57"}],"version-history":[{"count":2,"href":"https:\/\/edublog.educastur.es\/clarindefilosofia\/wp-json\/wp\/v2\/posts\/57\/revisions"}],"predecessor-version":[{"id":60,"href":"https:\/\/edublog.educastur.es\/clarindefilosofia\/wp-json\/wp\/v2\/posts\/57\/revisions\/60"}],"wp:attachment":[{"href":"https:\/\/edublog.educastur.es\/clarindefilosofia\/wp-json\/wp\/v2\/media?parent=57"}],"wp:term":[{"taxonomy":"category","embeddable":true,"href":"https:\/\/edublog.educastur.es\/clarindefilosofia\/wp-json\/wp\/v2\/categories?post=57"},{"taxonomy":"post_tag","embeddable":true,"href":"https:\/\/edublog.educastur.es\/clarindefilosofia\/wp-json\/wp\/v2\/tags?post=57"}],"curies":[{"name":"wp","href":"https:\/\/api.w.org\/{rel}","templated":true}]}}