{"id":764,"date":"2023-02-22T16:34:25","date_gmt":"2023-02-22T16:34:25","guid":{"rendered":"https:\/\/edublog.educastur.es\/clarindefilosofia\/?p=764"},"modified":"2023-02-22T16:34:25","modified_gmt":"2023-02-22T16:34:25","slug":"vida-perfecta","status":"publish","type":"post","link":"https:\/\/edublog.educastur.es\/clarindefilosofia\/2023\/02\/22\/vida-perfecta\/","title":{"rendered":"Vida perfecta"},"content":{"rendered":"<p style=\"text-align: justify\">\u00bfCuando digo \u00abvida perfecta\u00bb, qu\u00e9 se os viene primero a la mente? Muchos pensar\u00e1n en dinero; no estudiar; ni trabajar\u2026 \u00bfPero es eso la \u201cvida perfecta\u201d?<\/p>\n<p style=\"text-align: justify\">En realidad, la \u00abvida perfecta\u00bb es solo una ilusi\u00f3n, un deseo del ser humano. Cuando llegas a conseguir lo que deseas, siempre vas a querer m\u00e1s y, al final, nunca logras llegar a lo que quer\u00edas. Es cierto que puedes CREAR t\u00fa propio estilo de \u201cvida perfecta. Pero nunca llegar\u00e1s a ella. Eso es debido a que la perfecci\u00f3n no es parte de la vida. Son dos palabras que, juntas, designan una pura abstracci\u00f3n. Algo inalcanzable. Nuestros f\u00edsicos no son perfectos, los animales, \u00e1rboles, tecnolog\u00eda e incluso canciones, no son perfectas. \u00bfPero es necesario que la vida sea perfecta para ser feliz? Gracias a la falacia de la \u00abvida perfecta\u00bb, la gente persigue un sue\u00f1o. Eso les da un prop\u00f3sito para ser mejores, para esforzarse y lograr dar el m\u00e1ximo de si mismos. Realmente, es la imperfecci\u00f3n lo que nos motiva. Pongamos un ejemplo sencillo, una mutaci\u00f3n gen\u00e9tica se puede considerar una imperfecci\u00f3n, pero gracias a esas mutaciones los humanos estamos aqu\u00ed, al igual que muchos otros animales.<\/p>\n<p style=\"text-align: justify\">En definitiva, aunque nuestra vida nunca ser\u00e1 perfecta, al menos se puede escoger c\u00f3mo vivirla, qu\u00e9 hacer y manejar las propias decisiones. Nunca lograr\u00e1s esa perfecci\u00f3n imaginada, pero puedes lograr tu propia felicidad gracias al esfuerzo y la dedicaci\u00f3n que pongas en ello.<\/p>\n<p style=\"text-align: justify\">Eric David Garc\u00eda Silverio<\/p>\n","protected":false},"excerpt":{"rendered":"<p>\u00bfCuando digo \u00abvida perfecta\u00bb, qu\u00e9 se os viene primero a la mente? Muchos pensar\u00e1n en dinero; no estudiar; ni trabajar\u2026 \u00bfPero es eso la \u201cvida perfecta\u201d? En realidad, la \u00abvida perfecta\u00bb es solo&#8230;<\/p>\n","protected":false},"author":121,"featured_media":765,"comment_status":"open","ping_status":"open","sticky":false,"template":"","format":"standard","meta":{"footnotes":""},"categories":[1],"tags":[],"class_list":["post-764","post","type-post","status-publish","format-standard","has-post-thumbnail","hentry","category-sin-categoria"],"_links":{"self":[{"href":"https:\/\/edublog.educastur.es\/clarindefilosofia\/wp-json\/wp\/v2\/posts\/764","targetHints":{"allow":["GET"]}}],"collection":[{"href":"https:\/\/edublog.educastur.es\/clarindefilosofia\/wp-json\/wp\/v2\/posts"}],"about":[{"href":"https:\/\/edublog.educastur.es\/clarindefilosofia\/wp-json\/wp\/v2\/types\/post"}],"author":[{"embeddable":true,"href":"https:\/\/edublog.educastur.es\/clarindefilosofia\/wp-json\/wp\/v2\/users\/121"}],"replies":[{"embeddable":true,"href":"https:\/\/edublog.educastur.es\/clarindefilosofia\/wp-json\/wp\/v2\/comments?post=764"}],"version-history":[{"count":1,"href":"https:\/\/edublog.educastur.es\/clarindefilosofia\/wp-json\/wp\/v2\/posts\/764\/revisions"}],"predecessor-version":[{"id":766,"href":"https:\/\/edublog.educastur.es\/clarindefilosofia\/wp-json\/wp\/v2\/posts\/764\/revisions\/766"}],"wp:featuredmedia":[{"embeddable":true,"href":"https:\/\/edublog.educastur.es\/clarindefilosofia\/wp-json\/wp\/v2\/media\/765"}],"wp:attachment":[{"href":"https:\/\/edublog.educastur.es\/clarindefilosofia\/wp-json\/wp\/v2\/media?parent=764"}],"wp:term":[{"taxonomy":"category","embeddable":true,"href":"https:\/\/edublog.educastur.es\/clarindefilosofia\/wp-json\/wp\/v2\/categories?post=764"},{"taxonomy":"post_tag","embeddable":true,"href":"https:\/\/edublog.educastur.es\/clarindefilosofia\/wp-json\/wp\/v2\/tags?post=764"}],"curies":[{"name":"wp","href":"https:\/\/api.w.org\/{rel}","templated":true}]}}