{"id":917,"date":"2023-05-25T10:46:36","date_gmt":"2023-05-25T10:46:36","guid":{"rendered":"https:\/\/edublog.educastur.es\/clarindefilosofia\/?p=917"},"modified":"2023-05-25T10:46:58","modified_gmt":"2023-05-25T10:46:58","slug":"917","status":"publish","type":"post","link":"https:\/\/edublog.educastur.es\/clarindefilosofia\/2023\/05\/25\/917\/","title":{"rendered":"\u00bfM\u00e1s de un mundo para estar leyendo esto?"},"content":{"rendered":"<p style=\"text-align: justify\">Tradicionalmente se ha pensado que el cambio de alguna acci\u00f3n, por simple que sea, que hayas realizado en el pasado, condiciona muchas cosas sobre tu futuro. \u00daltimamente, se han propuesto muchas teor\u00edas sobre la existencia de mundos paralelos, e incluso las han intentado demostrar cient\u00edficamente. Yo no voy a apoyarme en teor\u00edas cient\u00edficas ni en otras especulaciones filos\u00f3ficas famosas, solo en mis pensamientos acerca del tema, que no son del todo precisos y, a veces, pueden resultar controvertidos.<\/p>\n<p style=\"text-align: justify\">El tama\u00f1o del universo se cree que es infinito y esto me hace imaginar muchas coas acerca de \u00e9l. El espacio exterior es muy distinto a la Tierra. Esto ya de por s\u00ed me produce curiosidad, intriga y, en repetidas ocasiones, hace que reflexione acerca de ello. Como ya he dicho, algunas teor\u00edas intentan demostrar la existencia de esa infinitud, como la teor\u00eda de cuerdas o la interpretaci\u00f3n del multiverso de la mec\u00e1nica cu\u00e1ntica. Pero hasta el momento no se han encontrado pruebas concluyentes de nada. Esto \u00faltimo es lo que me hace no tener una opini\u00f3n firme sobre todo esto, pues hoy en d\u00eda se han descubierto infinidad de cosas incre\u00edbles.<\/p>\n<p style=\"text-align: justify\">\u00bfY qu\u00e9 significa existir en un universo de infinitas posibilidades? \u00bfC\u00f3mo afecta esto a nuestra identidad y a nuestras decisiones? Al abrir nuestra mente a las posibilidades de infinitos mundos, ampliamos nuestros l\u00edmites conceptuales y nos acercamos a una mejor comprensi\u00f3n de nuestra propia existencia. Cuando reflexiono sobre esto, me recuerda a cuando pienso en la gran cantidad de personas que habitamos la Tierra y lo insignificantes que somos en realidad. \u00bfY si la Tierra es una fracci\u00f3n tan diminuta de nuestro universo, realmente qui\u00e9nes somos y por qu\u00e9 estamos aqu\u00ed? Algo tan normal como tener cinco dedos o una cabeza podr\u00eda ser impensable en un universo paralelo.<\/p>\n<p style=\"text-align: justify\">En definitiva, creo que no los l\u00edmites de nuestra mente e imaginaci\u00f3n no van tan all\u00e1 como los l\u00edmites f\u00edsicos. Si mantenemos la mente abierta y seguimos explorando, podemos descubrir nuevos aspectos de la realidad y tal vez alg\u00fan d\u00eda encontrar evidencia tangible de esos universos paralelos. \u00bfY quiz\u00e1 viajar a ellos?<\/p>\n<p>Lara Rionda Castanera<\/p>\n","protected":false},"excerpt":{"rendered":"<p>Tradicionalmente se ha pensado que el cambio de alguna acci\u00f3n, por simple que sea, que hayas realizado en el pasado, condiciona muchas cosas sobre tu futuro. \u00daltimamente, se han propuesto muchas teor\u00edas sobre&#8230;<\/p>\n","protected":false},"author":121,"featured_media":918,"comment_status":"open","ping_status":"open","sticky":false,"template":"","format":"standard","meta":{"footnotes":""},"categories":[1],"tags":[],"class_list":["post-917","post","type-post","status-publish","format-standard","has-post-thumbnail","hentry","category-sin-categoria"],"_links":{"self":[{"href":"https:\/\/edublog.educastur.es\/clarindefilosofia\/wp-json\/wp\/v2\/posts\/917","targetHints":{"allow":["GET"]}}],"collection":[{"href":"https:\/\/edublog.educastur.es\/clarindefilosofia\/wp-json\/wp\/v2\/posts"}],"about":[{"href":"https:\/\/edublog.educastur.es\/clarindefilosofia\/wp-json\/wp\/v2\/types\/post"}],"author":[{"embeddable":true,"href":"https:\/\/edublog.educastur.es\/clarindefilosofia\/wp-json\/wp\/v2\/users\/121"}],"replies":[{"embeddable":true,"href":"https:\/\/edublog.educastur.es\/clarindefilosofia\/wp-json\/wp\/v2\/comments?post=917"}],"version-history":[{"count":2,"href":"https:\/\/edublog.educastur.es\/clarindefilosofia\/wp-json\/wp\/v2\/posts\/917\/revisions"}],"predecessor-version":[{"id":920,"href":"https:\/\/edublog.educastur.es\/clarindefilosofia\/wp-json\/wp\/v2\/posts\/917\/revisions\/920"}],"wp:featuredmedia":[{"embeddable":true,"href":"https:\/\/edublog.educastur.es\/clarindefilosofia\/wp-json\/wp\/v2\/media\/918"}],"wp:attachment":[{"href":"https:\/\/edublog.educastur.es\/clarindefilosofia\/wp-json\/wp\/v2\/media?parent=917"}],"wp:term":[{"taxonomy":"category","embeddable":true,"href":"https:\/\/edublog.educastur.es\/clarindefilosofia\/wp-json\/wp\/v2\/categories?post=917"},{"taxonomy":"post_tag","embeddable":true,"href":"https:\/\/edublog.educastur.es\/clarindefilosofia\/wp-json\/wp\/v2\/tags?post=917"}],"curies":[{"name":"wp","href":"https:\/\/api.w.org\/{rel}","templated":true}]}}