{"id":924,"date":"2023-05-26T08:38:29","date_gmt":"2023-05-26T08:38:29","guid":{"rendered":"https:\/\/edublog.educastur.es\/clarindefilosofia\/?p=924"},"modified":"2023-05-26T08:38:47","modified_gmt":"2023-05-26T08:38:47","slug":"la-vida-eterna","status":"publish","type":"post","link":"https:\/\/edublog.educastur.es\/clarindefilosofia\/2023\/05\/26\/la-vida-eterna\/","title":{"rendered":"La vida eterna"},"content":{"rendered":"<p style=\"text-align: justify\">Me gustar\u00eda dar mi opini\u00f3n sobre uno de los temas que m\u00e1s ha influido en la humanidad: el significado de la vida. Soy plenamente consciente de que es un tema del que ya se ha hablado antes, pero mis recientes experiencias me han hecho cuestionarme el significado de la vida para una persona.<\/p>\n<p style=\"text-align: justify\">\u00bfNo deber\u00eda de ser la vida eterna algo plenamente positivo? Despu\u00e9s de todo, la vida es lo m\u00e1s valioso que tenemos. \u00a0\u00bfY si es as\u00ed, por qu\u00e9 hay gente dispuesta a tirar su vida? Aunque puedan tener sus motivos, no deja de ser inquietante. Esto me hizo pensar que, si hab\u00eda gente sin ning\u00fan tipo de trastorno psicol\u00f3gico, intentando o incluso llegando a acabar con su propia vida, habiendo vivido solamente una parte de ella, entonces ser\u00eda posible interpretar que la vida eterna fuese equivalente al mism\u00edsimo infierno: una vor\u00e1gine infinita de problemas sin fin. Hasta los dos mejores amigos podr\u00edan llegar inevitablemente a tener conflictos, pues cada persona tiene su propia forma de pensar y criterio propio.<\/p>\n<p style=\"text-align: justify\">Aunque es cierto que tuve, tengo y tendr\u00e9 problemas de diversa gravedad, eso forma parte de la vida y no por ello la vida eterna me parece un completo horror. Ahora bien, pienso esto mientras, si dios quiere, tengo una vida entera por delante. No puedo saber si cambiar\u00e9 de opini\u00f3n en un futuro. Pero puedo decir que la vida hay que valorarla y que cualquier persona a la que se le ocurra acabar con su vida, deber\u00eda contar con toda la ayuda de la que se disponga para disuadirle.<\/p>\n<p style=\"text-align: justify\">Eric David Garc\u00eda Silverio<\/p>\n","protected":false},"excerpt":{"rendered":"<p>Me gustar\u00eda dar mi opini\u00f3n sobre uno de los temas que m\u00e1s ha influido en la humanidad: el significado de la vida. Soy plenamente consciente de que es un tema del que ya&#8230;<\/p>\n","protected":false},"author":121,"featured_media":926,"comment_status":"open","ping_status":"open","sticky":false,"template":"","format":"standard","meta":{"footnotes":""},"categories":[1],"tags":[],"class_list":["post-924","post","type-post","status-publish","format-standard","has-post-thumbnail","hentry","category-sin-categoria"],"_links":{"self":[{"href":"https:\/\/edublog.educastur.es\/clarindefilosofia\/wp-json\/wp\/v2\/posts\/924","targetHints":{"allow":["GET"]}}],"collection":[{"href":"https:\/\/edublog.educastur.es\/clarindefilosofia\/wp-json\/wp\/v2\/posts"}],"about":[{"href":"https:\/\/edublog.educastur.es\/clarindefilosofia\/wp-json\/wp\/v2\/types\/post"}],"author":[{"embeddable":true,"href":"https:\/\/edublog.educastur.es\/clarindefilosofia\/wp-json\/wp\/v2\/users\/121"}],"replies":[{"embeddable":true,"href":"https:\/\/edublog.educastur.es\/clarindefilosofia\/wp-json\/wp\/v2\/comments?post=924"}],"version-history":[{"count":1,"href":"https:\/\/edublog.educastur.es\/clarindefilosofia\/wp-json\/wp\/v2\/posts\/924\/revisions"}],"predecessor-version":[{"id":925,"href":"https:\/\/edublog.educastur.es\/clarindefilosofia\/wp-json\/wp\/v2\/posts\/924\/revisions\/925"}],"wp:featuredmedia":[{"embeddable":true,"href":"https:\/\/edublog.educastur.es\/clarindefilosofia\/wp-json\/wp\/v2\/media\/926"}],"wp:attachment":[{"href":"https:\/\/edublog.educastur.es\/clarindefilosofia\/wp-json\/wp\/v2\/media?parent=924"}],"wp:term":[{"taxonomy":"category","embeddable":true,"href":"https:\/\/edublog.educastur.es\/clarindefilosofia\/wp-json\/wp\/v2\/categories?post=924"},{"taxonomy":"post_tag","embeddable":true,"href":"https:\/\/edublog.educastur.es\/clarindefilosofia\/wp-json\/wp\/v2\/tags?post=924"}],"curies":[{"name":"wp","href":"https:\/\/api.w.org\/{rel}","templated":true}]}}