{"id":938,"date":"2023-09-21T14:44:54","date_gmt":"2023-09-21T14:44:54","guid":{"rendered":"https:\/\/edublog.educastur.es\/clarindefilosofia\/?p=938"},"modified":"2023-09-21T14:44:54","modified_gmt":"2023-09-21T14:44:54","slug":"los-amigos","status":"publish","type":"post","link":"https:\/\/edublog.educastur.es\/clarindefilosofia\/2023\/09\/21\/los-amigos\/","title":{"rendered":"Los amigos"},"content":{"rendered":"<p style=\"text-align: justify\">Los amigos son una parte fundamental de nuestra felicidad. Son aquellas personas con las cuales vas a compartir miles de recuerdos, especiales e inolvidables, que perdurar\u00e1n en tu mente el resto de tu vida.<\/p>\n<p style=\"text-align: justify\">La parte m\u00e1s dif\u00edcil de la amistad es, adem\u00e1s de iniciarla, en el caso de las personas t\u00edmidas, alcanzar un cierto grado de confianza y seguridad. Para ello, hay que tener en cuenta que cada persona es muy diferente y que no todo el mundo puede ser un buen amigo o amiga. Se requiere tener criterio y unas ideas claras acerca del tipo de personas que nos gustar\u00eda tener el privilegio de llamar \u201camigos\u201d. Ser\u00e1 necesario equivocarse con muchas personas, porque las apariencias enga\u00f1an. Es posible que mucha de la gente que conozcamos y creamos amiga a lo largo de la vida, acabe decepcion\u00e1ndote. Por eso, para elegir un buen grupo de amigos, es necesario ser una persona madura y con criterio propio. Se debe tener en cuenta que la gente de la que te quieres rodear ser\u00e1 como tu segunda familia, aunque no teng\u00e1is la misma sangre.<\/p>\n<p>Mario Fueyo Amieva<\/p>\n","protected":false},"excerpt":{"rendered":"<p>Los amigos son una parte fundamental de nuestra felicidad. Son aquellas personas con las cuales vas a compartir miles de recuerdos, especiales e inolvidables, que perdurar\u00e1n en tu mente el resto de tu&#8230;<\/p>\n","protected":false},"author":121,"featured_media":939,"comment_status":"open","ping_status":"open","sticky":false,"template":"","format":"standard","meta":{"footnotes":""},"categories":[1],"tags":[],"class_list":["post-938","post","type-post","status-publish","format-standard","has-post-thumbnail","hentry","category-sin-categoria"],"_links":{"self":[{"href":"https:\/\/edublog.educastur.es\/clarindefilosofia\/wp-json\/wp\/v2\/posts\/938","targetHints":{"allow":["GET"]}}],"collection":[{"href":"https:\/\/edublog.educastur.es\/clarindefilosofia\/wp-json\/wp\/v2\/posts"}],"about":[{"href":"https:\/\/edublog.educastur.es\/clarindefilosofia\/wp-json\/wp\/v2\/types\/post"}],"author":[{"embeddable":true,"href":"https:\/\/edublog.educastur.es\/clarindefilosofia\/wp-json\/wp\/v2\/users\/121"}],"replies":[{"embeddable":true,"href":"https:\/\/edublog.educastur.es\/clarindefilosofia\/wp-json\/wp\/v2\/comments?post=938"}],"version-history":[{"count":1,"href":"https:\/\/edublog.educastur.es\/clarindefilosofia\/wp-json\/wp\/v2\/posts\/938\/revisions"}],"predecessor-version":[{"id":940,"href":"https:\/\/edublog.educastur.es\/clarindefilosofia\/wp-json\/wp\/v2\/posts\/938\/revisions\/940"}],"wp:featuredmedia":[{"embeddable":true,"href":"https:\/\/edublog.educastur.es\/clarindefilosofia\/wp-json\/wp\/v2\/media\/939"}],"wp:attachment":[{"href":"https:\/\/edublog.educastur.es\/clarindefilosofia\/wp-json\/wp\/v2\/media?parent=938"}],"wp:term":[{"taxonomy":"category","embeddable":true,"href":"https:\/\/edublog.educastur.es\/clarindefilosofia\/wp-json\/wp\/v2\/categories?post=938"},{"taxonomy":"post_tag","embeddable":true,"href":"https:\/\/edublog.educastur.es\/clarindefilosofia\/wp-json\/wp\/v2\/tags?post=938"}],"curies":[{"name":"wp","href":"https:\/\/api.w.org\/{rel}","templated":true}]}}