{"id":130,"date":"2021-04-13T17:07:09","date_gmt":"2021-04-13T17:07:09","guid":{"rendered":"https:\/\/edublog.educastur.es\/cpclarin56\/?p=130"},"modified":"2021-04-28T10:35:51","modified_gmt":"2021-04-28T10:35:51","slug":"el-tiempo-y-la-historia","status":"publish","type":"post","link":"https:\/\/edublog.educastur.es\/cpclarin56\/2021\/04\/13\/el-tiempo-y-la-historia\/","title":{"rendered":"El tiempo y la historia"},"content":{"rendered":"<p>CICLa historia es la ciencia que estudia y nos explica qui\u00e9nes eran, qu\u00e9 hac\u00edan y c\u00f3mo viv\u00edan las personas en \u00e9pocas pasadas.<\/p>\n<h1>EL TIEMPO HIST\u00d3RICO<\/h1>\n<p>Como el pasado es un tiempo muy extenso, cuando estudiamos la historia debemos situar los acontecimientos ocurridos en un tiempo hist\u00f3rico. A eso se le llama <strong>DATACI\u00d3N<\/strong>.<\/p>\n<p>Para poder fechar todos estos acontecimientos ocurridos en el pasado utilizamos diferentes unidades de tiempo:<\/p>\n<ol>\n<li>Si los hechos son recientes, dividimos el tiempo en minutos, horas, d\u00edas, semanas, meses o a\u00f1os.<\/li>\n<li>Si los hechos son antiguos, dividimos el tiempo en <strong>lustros<\/strong> (5 a\u00f1os), <strong>d\u00e9cadas<\/strong> (10 a\u00f1os), <strong>siglos<\/strong> (100 a\u00f1os) y <strong>milenios<\/strong> (1.000 a\u00f1os).<\/li>\n<\/ol>\n<p>La unidad de medida de tiempo que utilizan los historiadores e historiadoras a a la hora de datar hechos hist\u00f3ricos es el siglo que, recuerda, comprende cien a\u00f1os. El siglo I comienza en el a\u00f1o 1 y termina en el a\u00f1o 100, el siglo II comienza en el a\u00f1o 101 y finaliza en el a\u00f1o 200 y as\u00ed, sucesivamente, hasta llegar al actual siglo XXI, que se inici\u00f3 el 1 de enero de 2001 y finalizar\u00e1 el 31 de diciembre del a\u00f1o 2100. Para representarlo, como puedes ver, se utilizan los n\u00fameros romanos.<\/p>\n<p>Para saber a qu\u00e9 siglo pertenece un a\u00f1o en concreto se le suma 1 a la centena. Vemos unos ejemplos para que lo entiendas mejor:<\/p>\n<div>19 &#8211; la centena es 0, por tanto, a 0 se le suma 1, siglo I<\/div>\n<div>476 &#8211; la centena es 4, por tanto, a 4 se le suma 1, siglo V<\/div>\n<div>1492 &#8211; la centena es 14, por tanto, a 14 se le suma 1, siglo XV<\/div>\n<div>1945 &#8211; la centena es 19, por tanto, a 19 se le suma 1, siglo XX<\/div>\n<div>2021 &#8211; la centena es 20, por tanto, a 20 se le suma 1, siglo XXI<\/div>\n<div><\/div>\n<p>En nuestra cultura, medimos el tiempo hist\u00f3rico tomando como punto de referencia el nacimiento de Cristo, que se considera el inicio del a\u00f1o 1. Por ello:<\/p>\n<ul>\n<li>Los a\u00f1os anteriores a esta fecha son a\u00f1os <strong>antes de Cristo (a.C.)<\/strong> y se contabilizan hacia atr\u00e1s.<\/li>\n<li>Los a\u00f1os posteriores son a\u00f1os <strong>despu\u00e9s de Cristo (d.C.)<\/strong> y se cuentan de forma consecutiva hasta la actualidad.<\/li>\n<\/ul>\n<p><img loading=\"lazy\" decoding=\"async\" class=\"aligncenter\" src=\"http:\/\/edublog.educastur.es\/cpclarin56\/files\/2021\/04\/antes-despues-cristo.jpg\" alt=\"\" width=\"800\" height=\"273\" \/><\/p>\n<h2>\u00bfC\u00f3mo representamos el tiempo hist\u00f3rico?<\/h2>\n<p>Algunos hechos o acontecimientos han tenido lugar en un momento en concreto; as\u00ed, el primer ser humano en pisar la luna lo hizo el 21 de julio de 1969; pero otros han tenido lugar a lo largo de d\u00e9cadas o siglos, como algunos conflictos b\u00e9licos, revoluciones sociales o econ\u00f3micas o reinados. Una forma muy visual de representar estos per\u00edodos de tiempo es utilizar ejes o frisos cronol\u00f3gicos y l\u00edneas de tiempo.<\/p>\n<p>Son dibujos o gr\u00e1ficos que presentan un eje sobre el que se marcan los datos (que puede ser una l\u00ednea o una barra rectangular), los a\u00f1os que se se\u00f1alan para indicar la escala de la medida, los per\u00edodos hist\u00f3ricos y los acontecimientos o hechos relevantes indicados con l\u00edneas.<\/p>\n<p>Observa algunos ejemplos:<\/p>\n<p><img loading=\"lazy\" decoding=\"async\" class=\"aligncenter\" src=\"http:\/\/edublog.educastur.es\/cpclarin56\/files\/2021\/04\/linea-t.png\" alt=\"\" width=\"800\" height=\"267\" \/><\/p>\n<p>&nbsp;<\/p>\n<p><img loading=\"lazy\" decoding=\"async\" class=\"aligncenter\" src=\"http:\/\/edublog.educastur.es\/cpclarin56\/files\/2021\/04\/linea-DEL-TIEMPO.jpg\" alt=\"\" width=\"800\" height=\"292\" \/><\/p>\n<h3>V\u00eddeo &#8211; C\u00f3mo se mide el tiempo hist\u00f3rico<\/h3>\n<p style=\"text-align: center\">\n<!-- iframe plugin v.6.0 wordpress.org\/plugins\/iframe\/ -->\n<iframe loading=\"lazy\" width=\"90%\" height=\"450\" src=\"https:\/\/www.youtube.com\/embed\/PqgLcUwtKiE\" scrolling=\"yes\" class=\"iframe-class\" frameborder=\"0\"><\/iframe>\n<\/p>\n<h1>LAS FUENTES HIST\u00d3RICAS<\/h1>\n<p>Las fuentes hist\u00f3ricas son todos los documentos, cartas, fotograf\u00edas, mapas u objetos que nos dan informaci\u00f3n importante sobre los hechos del pasado.<\/p>\n<p>Pueden ser de dos tipos:<\/p>\n<ul>\n<li><strong>Fuentes escritas<\/strong>: pueden ser documentos legales (leyes, contratos\u2026), prensa escrita (peri\u00f3dicos, revistas\u2026), inscripciones, libros, diarios, cartas personales, memorias.<\/li>\n<\/ul>\n<figure style=\"width: 590px\" class=\"wp-caption aligncenter\"><img loading=\"lazy\" decoding=\"async\" src=\"https:\/\/www.lifeder.com\/wp-content\/uploads\/2017\/08\/Fuente.jpg\" alt=\"\" width=\"590\" height=\"288\" \/><figcaption class=\"wp-caption-text\">FUENTE &#8211; https:\/\/www.lifeder.com\/wp-content\/uploads\/2017\/08\/Fuente.jpg<\/figcaption><\/figure>\n<ul>\n<li><strong>Fuentes no escritas<\/strong>: pueden ser gr\u00e1ficas (dibujos, mapas, fotograf\u00edas, pel\u00edculas\u2026), materiales (monedas, herramientas, restos de edificios\u2026) y orales (canciones, cuentos, leyendas\u2026).<\/li>\n<\/ul>\n<p style=\"text-align: center\"><img loading=\"lazy\" decoding=\"async\" class=\"\" src=\"https:\/\/upload.wikimedia.org\/wikipedia\/commons\/thumb\/4\/47\/Moneda_romana_%2816186885828%29.jpg\/240px-Moneda_romana_%2816186885828%29.jpg\" alt=\"\" width=\"160\" height=\"160\" \/>\u00a0 \u00a0<img loading=\"lazy\" decoding=\"async\" class=\"\" src=\"https:\/\/upload.wikimedia.org\/wikipedia\/commons\/thumb\/0\/09\/Campa\u00f1adeviriato.svg\/320px-Campa\u00f1adeviriato.svg.png\" alt=\"\" width=\"255\" height=\"180\" \/>\u00a0 \u00a0 \u00a0\u00a0<img loading=\"lazy\" decoding=\"async\" class=\"\" src=\"https:\/\/live.staticflickr.com\/379\/19954811668_6e96aee425_b.jpg\" alt=\"\" width=\"285\" height=\"189\" \/><\/p>\n<h3>V\u00eddeo &#8211; Fuentes hist\u00f3ricas para ni\u00f1os &#8211; Profesor Jonatan Cardenas<\/h3>\n<p style=\"text-align: center\">\n<!-- iframe plugin v.6.0 wordpress.org\/plugins\/iframe\/ -->\n<iframe loading=\"lazy\" width=\"90%\" height=\"450\" src=\"https:\/\/www.youtube.com\/embed\/ALF4JIypNEU\" scrolling=\"yes\" class=\"iframe-class\" frameborder=\"0\"><\/iframe>\n<\/p>\n<h1>LAS EDADES DE LA HISTORIA<\/h1>\n<p>Para estudiar mejor la historia, los historiadores y las historiadoras la dividen en cinco per\u00edodos:<\/p>\n<ol>\n<li><strong>LA PREHISTORIA<\/strong> \u2013 Comenz\u00f3 con los primeros seres humanos hace m\u00e1s de dos millones de a\u00f1os y termin\u00f3 hace unos cinco mil a\u00f1os con la invenci\u00f3n de la escritura.<\/li>\n<li><strong>LA EDAD ANTIGUA<\/strong> \u2013 Es el per\u00edodo comprendido entre la aparici\u00f3n de la escritura y la ca\u00edda del Imperio Romano en el a\u00f1o 476 d.C.<\/li>\n<li><strong>LA EDAD MEDIA<\/strong> \u2013 Es el per\u00edodo que va desde la ca\u00edda del Imperio Romano hasta el descubrimiento de Am\u00e9rica en 1492.<\/li>\n<li><strong>LA EDAD MODERNA<\/strong> \u2013 Es el per\u00edodo que abarca desde el descubrimiento de Am\u00e9rica hasta la Revoluci\u00f3n Francesa en 1789.<\/li>\n<li><strong>LA EDAD CONTEMPOR\u00c1NEA<\/strong> \u2013 Es la edad actual. Comenz\u00f3 con la Revoluci\u00f3n Francesa y llega hasta nuestros d\u00edas.<\/li>\n<\/ol>\n<h3 style=\"text-align: left\">V\u00eddeo &#8211; Las Edades de la Historia &#8211; Jean Valen<\/h3>\n<p style=\"text-align: center\">\n<!-- iframe plugin v.6.0 wordpress.org\/plugins\/iframe\/ -->\n<iframe loading=\"lazy\" width=\"90%\" height=\"450\" src=\"https:\/\/www.youtube.com\/embed\/wLycxGc0oGU\" scrolling=\"yes\" class=\"iframe-class\" frameborder=\"0\"><\/iframe>\n<\/p>\n<h3>V\u00eddeo &#8211; L\u00ednea del tiempo creativa &#8211; DanielaGmr<\/h3>\n<p style=\"text-align: center\">\n<!-- iframe plugin v.6.0 wordpress.org\/plugins\/iframe\/ -->\n<iframe loading=\"lazy\" width=\"90%\" height=\"450\" src=\"https:\/\/www.youtube.com\/embed\/_L15iwTu1R0\" scrolling=\"yes\" class=\"iframe-class\" frameborder=\"0\"><\/iframe>\n<\/p>\n","protected":false},"excerpt":{"rendered":"<p>CICLa historia es la ciencia que estudia y nos explica qui\u00e9nes eran, qu\u00e9 hac\u00edan y c\u00f3mo viv\u00edan las personas en \u00e9pocas pasadas. EL TIEMPO HIST\u00d3RICO Como el pasado es un tiempo muy extenso, cuando estudiamos la historia debemos situar los acontecimientos ocurridos en un tiempo hist\u00f3rico. A eso se le llama DATACI\u00d3N. Para poder fechar [&hellip;]<\/p>\n","protected":false},"author":43,"featured_media":0,"comment_status":"open","ping_status":"open","sticky":false,"template":"","format":"standard","meta":{"footnotes":""},"categories":[11],"tags":[176,177],"class_list":["post-130","post","type-post","status-publish","format-standard","hentry","category-ciencias-sociales","tag-ciencias-sociales-5","tag-historia"],"_links":{"self":[{"href":"https:\/\/edublog.educastur.es\/cpclarin56\/wp-json\/wp\/v2\/posts\/130","targetHints":{"allow":["GET"]}}],"collection":[{"href":"https:\/\/edublog.educastur.es\/cpclarin56\/wp-json\/wp\/v2\/posts"}],"about":[{"href":"https:\/\/edublog.educastur.es\/cpclarin56\/wp-json\/wp\/v2\/types\/post"}],"author":[{"embeddable":true,"href":"https:\/\/edublog.educastur.es\/cpclarin56\/wp-json\/wp\/v2\/users\/43"}],"replies":[{"embeddable":true,"href":"https:\/\/edublog.educastur.es\/cpclarin56\/wp-json\/wp\/v2\/comments?post=130"}],"version-history":[{"count":17,"href":"https:\/\/edublog.educastur.es\/cpclarin56\/wp-json\/wp\/v2\/posts\/130\/revisions"}],"predecessor-version":[{"id":702,"href":"https:\/\/edublog.educastur.es\/cpclarin56\/wp-json\/wp\/v2\/posts\/130\/revisions\/702"}],"wp:attachment":[{"href":"https:\/\/edublog.educastur.es\/cpclarin56\/wp-json\/wp\/v2\/media?parent=130"}],"wp:term":[{"taxonomy":"category","embeddable":true,"href":"https:\/\/edublog.educastur.es\/cpclarin56\/wp-json\/wp\/v2\/categories?post=130"},{"taxonomy":"post_tag","embeddable":true,"href":"https:\/\/edublog.educastur.es\/cpclarin56\/wp-json\/wp\/v2\/tags?post=130"}],"curies":[{"name":"wp","href":"https:\/\/api.w.org\/{rel}","templated":true}]}}