{"id":172,"date":"2020-03-22T12:38:00","date_gmt":"2020-03-22T12:38:00","guid":{"rendered":"https:\/\/edublog.educastur.es\/cpclarin56\/2020\/03\/22\/actividades-el-fin-de-la-edad-media\/"},"modified":"2020-03-22T12:38:00","modified_gmt":"2020-03-22T12:38:00","slug":"actividades-el-fin-de-la-edad-media","status":"publish","type":"post","link":"https:\/\/edublog.educastur.es\/cpclarin56\/2020\/03\/22\/actividades-el-fin-de-la-edad-media\/","title":{"rendered":"Actividades El fin de la Edad Media"},"content":{"rendered":"<p>Recurso multimedia que incluye numerosas actividades sobre los contenidos referidos a esta unidad did\u00e1ctica: actividades de completar textos, de ordenar palabras para formar oraciones, test de respuestas de elecci\u00f3n m\u00faltiple o crucigramas.<\/p>\n<div style=\"clear: both;text-align: center\"><a href=\"https:\/\/cplosangeles.educarex.es\/web\/cmedio5\/el_final_de_la_edad_media\/indice.htm\" target=\"_blank\" rel=\"noopener\"><img loading=\"lazy\" decoding=\"async\" border=\"0\" data-original-height=\"498\" data-original-width=\"1242\" height=\"256\" src=\"https:\/\/1.bp.blogspot.com\/-voi0LfGbuYQ\/XndcKacpXAI\/AAAAAAAAKks\/ythqb8dwyV8SlIzGcJAabzqEO0mKvx6ggCKgBGAsYHg\/s640\/act_edad_media_educarex_02.png\" width=\"640\" \/><\/a><\/div>\n<p><\/p>\n","protected":false},"excerpt":{"rendered":"<p>Recurso multimedia que incluye numerosas actividades sobre los contenidos referidos a esta unidad did\u00e1ctica: actividades de completar textos, de ordenar palabras para formar oraciones, test de respuestas de elecci\u00f3n m\u00faltiple o crucigramas.<\/p>\n","protected":false},"author":43,"featured_media":0,"comment_status":"open","ping_status":"open","sticky":false,"template":"","format":"standard","meta":{"footnotes":""},"categories":[11,41],"tags":[],"class_list":["post-172","post","type-post","status-publish","format-standard","hentry","category-ciencias-sociales","category-edad-media"],"_links":{"self":[{"href":"https:\/\/edublog.educastur.es\/cpclarin56\/wp-json\/wp\/v2\/posts\/172","targetHints":{"allow":["GET"]}}],"collection":[{"href":"https:\/\/edublog.educastur.es\/cpclarin56\/wp-json\/wp\/v2\/posts"}],"about":[{"href":"https:\/\/edublog.educastur.es\/cpclarin56\/wp-json\/wp\/v2\/types\/post"}],"author":[{"embeddable":true,"href":"https:\/\/edublog.educastur.es\/cpclarin56\/wp-json\/wp\/v2\/users\/43"}],"replies":[{"embeddable":true,"href":"https:\/\/edublog.educastur.es\/cpclarin56\/wp-json\/wp\/v2\/comments?post=172"}],"version-history":[{"count":0,"href":"https:\/\/edublog.educastur.es\/cpclarin56\/wp-json\/wp\/v2\/posts\/172\/revisions"}],"wp:attachment":[{"href":"https:\/\/edublog.educastur.es\/cpclarin56\/wp-json\/wp\/v2\/media?parent=172"}],"wp:term":[{"taxonomy":"category","embeddable":true,"href":"https:\/\/edublog.educastur.es\/cpclarin56\/wp-json\/wp\/v2\/categories?post=172"},{"taxonomy":"post_tag","embeddable":true,"href":"https:\/\/edublog.educastur.es\/cpclarin56\/wp-json\/wp\/v2\/tags?post=172"}],"curies":[{"name":"wp","href":"https:\/\/api.w.org\/{rel}","templated":true}]}}