{"id":198,"date":"2020-03-05T17:35:00","date_gmt":"2020-03-05T17:35:00","guid":{"rendered":"https:\/\/edublog.educastur.es\/cpclarin56\/2020\/03\/05\/taller-de-periodismo\/"},"modified":"2020-03-05T17:35:00","modified_gmt":"2020-03-05T17:35:00","slug":"taller-de-periodismo","status":"publish","type":"post","link":"https:\/\/edublog.educastur.es\/cpclarin56\/2020\/03\/05\/taller-de-periodismo\/","title":{"rendered":"Taller de periodismo"},"content":{"rendered":"<p>Cristina, nuestra profe en pr\u00e1cticas, nos lanza una interesante propuesta organizada en torno al 8 de marzo, D\u00eda Internacional de la Mujer. Las tem\u00e1ticas a trabajar: coeducaci\u00f3n, el papel de la mujer en la historia (estamos inmersos en pleno Proyecto Somos exploradores y localizar exploradoras relevantes y con reconocimiento se convierte en una \u00abmisi\u00f3n imposible\u00bb, haberlas las hay, pero lamentablemente no con tanta profusi\u00f3n como el caso de los hombres) y, por supuesto, el n\u00facleo estrella, el g\u00e9nero period\u00edstico, dado que se trata de un Taller de periodismo.<\/p>\n<p>Tomando como base una presentaci\u00f3n de diapositivas y diferentes v\u00eddeos de motivaci\u00f3n, la idea se materializ\u00f3 en estas primeras sesiones en una exploradora, Jeanne Baret y en uno de los textos propios de un diario o peri\u00f3dico: la noticia.<\/p>\n<h2>Presentaci\u00f3n Taller de periodismo<\/h2>\n<div style=\"clear: both;text-align: center\"><a href=\"https:\/\/1.bp.blogspot.com\/-MO68UcSKC7c\/XmE1RrRuZBI\/AAAAAAAAKVY\/u0xUEtYJ4akKu6dMQdB3UjQuonMOE3NcACKgBGAsYHg\/s1600\/taller_periodismo_2020.png\" style=\"margin-left: 1em;margin-right: 1em\"><img loading=\"lazy\" decoding=\"async\" border=\"0\" data-original-height=\"634\" data-original-width=\"846\" height=\"298\" src=\"https:\/\/1.bp.blogspot.com\/-MO68UcSKC7c\/XmE1RrRuZBI\/AAAAAAAAKVY\/u0xUEtYJ4akKu6dMQdB3UjQuonMOE3NcACKgBGAsYHg\/s400\/taller_periodismo_2020.png\" width=\"400\" \/><\/a><\/div>\n<div style=\"clear: both;text-align: center\">Archivo PDF &#8211; <a href=\"https:\/\/drive.google.com\/file\/d\/1X7QdB3Vz6288mJNcWAn5mirW_dJeppG_\/view?usp=sharing\" target=\"_blank\" rel=\"noopener\">Descargar<\/a><\/div>\n<div style=\"clear: both;text-align: center\"><\/div>\n<h2>Portada del peri\u00f3dico y noticia relevante:<\/h2>\n<div style=\"clear: both;text-align: center\"><a href=\"https:\/\/1.bp.blogspot.com\/-K4NaC3hHHwE\/XmE1r5qpIsI\/AAAAAAAAKVs\/KIGZkw1C3DghupXHA10eR1UpLiCCm3s_QCKgBGAsYHg\/s1600\/portada_jeanne_baret.png\" style=\"margin-left: 1em;margin-right: 1em\"><img loading=\"lazy\" decoding=\"async\" border=\"0\" data-original-height=\"612\" data-original-width=\"430\" height=\"400\" src=\"https:\/\/1.bp.blogspot.com\/-K4NaC3hHHwE\/XmE1r5qpIsI\/AAAAAAAAKVs\/KIGZkw1C3DghupXHA10eR1UpLiCCm3s_QCKgBGAsYHg\/s400\/portada_jeanne_baret.png\" width=\"280\" \/><\/a><\/div>\n<div style=\"clear: both;text-align: center\">Archivo PDF &#8211; <a href=\"https:\/\/drive.google.com\/file\/d\/1m4pYm7IzXdaFGSvue9pYvsu26eds1y87\/view?usp=sharing\" target=\"_blank\" rel=\"noopener\">Descargar<\/a><\/div>\n<div style=\"clear: both;text-align: left\"><\/div>\n<p>Con esta actividad identificaremos los apartados m\u00e1s relevantes en la cabecera de un peri\u00f3dico (su nombre y sus datos de registro) as\u00ed como las diferentes secciones que posee una noticia: titular, subt\u00edtulo, lead o entradilla y cuerpo de la noticia. Adem\u00e1s, nuestra noticia personalizada incluye una imagen ilustrativa y un pie de foto.<\/p>\n<p>La noticia nos facilita la realizaci\u00f3n de tareas de descubrimiento sobre el g\u00e9nero: c\u00f3mo se construyen a partir de las preguntas fundamentales \u00bfqu\u00e9?, \u00bfqui\u00e9n?, \u00bfcu\u00e1ndo?, \u00bfd\u00f3nde?, \u00bfc\u00f3mo?, \u00bfpor qu\u00e9?&#8230; al objeto de aplicar estos conocimientos a una posterior actividad: la realizaci\u00f3n de nuestra propia noticia creativa.<\/p>\n<p><\/p>\n","protected":false},"excerpt":{"rendered":"<p>Cristina, nuestra profe en pr\u00e1cticas, nos lanza una interesante propuesta organizada en torno al 8 de marzo, D\u00eda Internacional de la Mujer. Las tem\u00e1ticas a trabajar: coeducaci\u00f3n, el papel de la mujer en la historia (estamos inmersos en pleno Proyecto Somos exploradores y localizar exploradoras relevantes y con reconocimiento se convierte en una \u00abmisi\u00f3n imposible\u00bb, [&hellip;]<\/p>\n","protected":false},"author":43,"featured_media":0,"comment_status":"open","ping_status":"open","sticky":false,"template":"","format":"standard","meta":{"footnotes":""},"categories":[52,70,71],"tags":[],"class_list":["post-198","post","type-post","status-publish","format-standard","hentry","category-lengua-castellana","category-proyectos","category-taller-de-periodismo"],"_links":{"self":[{"href":"https:\/\/edublog.educastur.es\/cpclarin56\/wp-json\/wp\/v2\/posts\/198","targetHints":{"allow":["GET"]}}],"collection":[{"href":"https:\/\/edublog.educastur.es\/cpclarin56\/wp-json\/wp\/v2\/posts"}],"about":[{"href":"https:\/\/edublog.educastur.es\/cpclarin56\/wp-json\/wp\/v2\/types\/post"}],"author":[{"embeddable":true,"href":"https:\/\/edublog.educastur.es\/cpclarin56\/wp-json\/wp\/v2\/users\/43"}],"replies":[{"embeddable":true,"href":"https:\/\/edublog.educastur.es\/cpclarin56\/wp-json\/wp\/v2\/comments?post=198"}],"version-history":[{"count":0,"href":"https:\/\/edublog.educastur.es\/cpclarin56\/wp-json\/wp\/v2\/posts\/198\/revisions"}],"wp:attachment":[{"href":"https:\/\/edublog.educastur.es\/cpclarin56\/wp-json\/wp\/v2\/media?parent=198"}],"wp:term":[{"taxonomy":"category","embeddable":true,"href":"https:\/\/edublog.educastur.es\/cpclarin56\/wp-json\/wp\/v2\/categories?post=198"},{"taxonomy":"post_tag","embeddable":true,"href":"https:\/\/edublog.educastur.es\/cpclarin56\/wp-json\/wp\/v2\/tags?post=198"}],"curies":[{"name":"wp","href":"https:\/\/api.w.org\/{rel}","templated":true}]}}