{"id":203,"date":"2020-01-30T16:06:00","date_gmt":"2020-01-30T16:06:00","guid":{"rendered":"https:\/\/edublog.educastur.es\/cpclarin56\/2020\/01\/30\/menudos-dilemas\/"},"modified":"2020-01-30T16:06:00","modified_gmt":"2020-01-30T16:06:00","slug":"menudos-dilemas","status":"publish","type":"post","link":"https:\/\/edublog.educastur.es\/cpclarin56\/2020\/01\/30\/menudos-dilemas\/","title":{"rendered":"\u00a1Menudos dilemas!"},"content":{"rendered":"<div style=\"clear: both;text-align: center\"><a href=\"https:\/\/1.bp.blogspot.com\/-ZNu7tAaunqI\/XhtDCsGnLsI\/AAAAAAAAKNs\/Y0lgi7KAgU8E5Lwq6-GguC7KxEm21UQtgCKgBGAsYHg\/s1600\/logo-aldeas-infantiles.gif\" style=\"clear: left;float: left;margin-bottom: 1em;margin-right: 1em\"><img decoding=\"async\" border=\"0\" data-original-height=\"71\" data-original-width=\"283\" src=\"https:\/\/1.bp.blogspot.com\/-ZNu7tAaunqI\/XhtDCsGnLsI\/AAAAAAAAKNs\/Y0lgi7KAgU8E5Lwq6-GguC7KxEm21UQtgCKgBGAsYHg\/s1600\/logo-aldeas-infantiles.gif\" \/><\/a><\/div>\n<p>Espacio promovido por Aldeas Infantiles para desarrollar en ni\u00f1os y j\u00f3venes la reflexi\u00f3n, el debate, la toma de decisiones y el crecimiento y la madurez personales.<\/p>\n<p>Se ofrecen diferentes dilemas a modo de situaciones ficticias en las que los ni\u00f1os y j\u00f3venes deber\u00e1n posicionarse o elegir sobre las posibilidades de su resoluci\u00f3n para as\u00ed esforzarse mentalmente en ser mejores.<\/p>\n<p>Se han clasificado en funci\u00f3n de dos tramos de edad y tres campos tem\u00e1ticos. As\u00ed encontraremos diferentes situaciones que implican dilemas personales, comunicativos y sociales tanto para ni\u00f1os de 3 a 12 a\u00f1os (<b>Peque\u00f1os dilemas<\/b>), como para j\u00f3venes entre 12 y 16 a\u00f1os (<b>Grandes dilemas<\/b>).<\/p>\n<div style=\"clear: both;text-align: center\"><a href=\"https:\/\/1.bp.blogspot.com\/-W0Abv6xVe8I\/XhtC7gsCVJI\/AAAAAAAAKNo\/jmRRs0R-bf08mAqNS9TTwiDzs3uO12h1gCKgBGAsYHg\/s1600\/dilemas_aldeas_infantiles.png\" style=\"margin-left: 1em;margin-right: 1em\"><img loading=\"lazy\" decoding=\"async\" border=\"0\" data-original-height=\"524\" data-original-width=\"711\" height=\"471\" src=\"https:\/\/1.bp.blogspot.com\/-W0Abv6xVe8I\/XhtC7gsCVJI\/AAAAAAAAKNo\/jmRRs0R-bf08mAqNS9TTwiDzs3uO12h1gCKgBGAsYHg\/s640\/dilemas_aldeas_infantiles.png\" width=\"640\" \/><\/a><\/div>\n<p>En cada caso se ofrecen las diferentes alternativas posibles en su resoluci\u00f3n como distintas valoraciones sobre las decisiones adoptadas para opinar y debatir en peque\u00f1os grupos.<\/p>\n<div style=\"clear: both;text-align: center\"><a href=\"https:\/\/1.bp.blogspot.com\/-SVMM5JzCrno\/XhtDf9iV9VI\/AAAAAAAAKOA\/9QEw2FYGSrgcON30CwQLjW8Wx0JB1b94gCKgBGAsYHg\/s1600\/dilema3-12_examen.png\" style=\"margin-left: 1em;margin-right: 1em\"><img loading=\"lazy\" decoding=\"async\" border=\"0\" data-original-height=\"726\" data-original-width=\"582\" height=\"640\" src=\"https:\/\/1.bp.blogspot.com\/-SVMM5JzCrno\/XhtDf9iV9VI\/AAAAAAAAKOA\/9QEw2FYGSrgcON30CwQLjW8Wx0JB1b94gCKgBGAsYHg\/s640\/dilema3-12_examen.png\" width=\"512\" \/><\/a><\/div>\n<div style=\"clear: both;text-align: center\"><\/div>\n<div style=\"clear: both;text-align: center\"><a href=\"http:\/\/acciones.aldeasinfantiles.es\/camp\/menudo-dilema\/index.php\" target=\"_blank\" rel=\"noopener\"><span style=\"font-size: large\">Acceder &#8211; \u00a1Menudos dilemas!<\/span><\/a><\/div>\n","protected":false},"excerpt":{"rendered":"<p>Espacio promovido por Aldeas Infantiles para desarrollar en ni\u00f1os y j\u00f3venes la reflexi\u00f3n, el debate, la toma de decisiones y el crecimiento y la madurez personales. Se ofrecen diferentes dilemas a modo de situaciones ficticias en las que los ni\u00f1os y j\u00f3venes deber\u00e1n posicionarse o elegir sobre las posibilidades de su resoluci\u00f3n para as\u00ed esforzarse [&hellip;]<\/p>\n","protected":false},"author":43,"featured_media":0,"comment_status":"open","ping_status":"open","sticky":false,"template":"","format":"standard","meta":{"footnotes":""},"categories":[21],"tags":[],"class_list":["post-203","post","type-post","status-publish","format-standard","hentry","category-valores"],"_links":{"self":[{"href":"https:\/\/edublog.educastur.es\/cpclarin56\/wp-json\/wp\/v2\/posts\/203","targetHints":{"allow":["GET"]}}],"collection":[{"href":"https:\/\/edublog.educastur.es\/cpclarin56\/wp-json\/wp\/v2\/posts"}],"about":[{"href":"https:\/\/edublog.educastur.es\/cpclarin56\/wp-json\/wp\/v2\/types\/post"}],"author":[{"embeddable":true,"href":"https:\/\/edublog.educastur.es\/cpclarin56\/wp-json\/wp\/v2\/users\/43"}],"replies":[{"embeddable":true,"href":"https:\/\/edublog.educastur.es\/cpclarin56\/wp-json\/wp\/v2\/comments?post=203"}],"version-history":[{"count":0,"href":"https:\/\/edublog.educastur.es\/cpclarin56\/wp-json\/wp\/v2\/posts\/203\/revisions"}],"wp:attachment":[{"href":"https:\/\/edublog.educastur.es\/cpclarin56\/wp-json\/wp\/v2\/media?parent=203"}],"wp:term":[{"taxonomy":"category","embeddable":true,"href":"https:\/\/edublog.educastur.es\/cpclarin56\/wp-json\/wp\/v2\/categories?post=203"},{"taxonomy":"post_tag","embeddable":true,"href":"https:\/\/edublog.educastur.es\/cpclarin56\/wp-json\/wp\/v2\/tags?post=203"}],"curies":[{"name":"wp","href":"https:\/\/api.w.org\/{rel}","templated":true}]}}