{"id":212,"date":"2019-12-07T12:56:00","date_gmt":"2019-12-07T12:56:00","guid":{"rendered":"https:\/\/edublog.educastur.es\/cpclarin56\/2019\/12\/07\/la-cara-b-de-la-red\/"},"modified":"2019-12-07T12:56:00","modified_gmt":"2019-12-07T12:56:00","slug":"la-cara-b-de-la-red","status":"publish","type":"post","link":"https:\/\/edublog.educastur.es\/cpclarin56\/2019\/12\/07\/la-cara-b-de-la-red\/","title":{"rendered":"La cara B de la red"},"content":{"rendered":"<p>Se trata de un episodio del programa Equipo de Investigaci\u00f3n, de La Sexta, emitido por vez primera en el a\u00f1o 2016 y que hoy han recuperado en esta ma\u00f1ana de domingo. \u00a1No tiene desperdicio&#8230; y sigue de plena vigencia! Hace un repaso por las principales redes sociales, los usos que realizamos consciente e inconscientemente y los principales riesgos que corremos si realizamos un mal uso de dichas redes: compartimos nuestra localizaci\u00f3n, nuestras rutinas&#8230;<br \/>Aunque el programa va dirigido fundamentalmente a adultos, se\u00f1ala tambi\u00e9n los riesgos que corren nuestros ni\u00f1os y j\u00f3venes: acoso, amenazas e insultos en los chats de videojuegos como el Fornite o los grupos de WhatsApp, vejaciones&#8230; y un largo etc\u00e9tera. Ejemplos concretos y reales que nos ponen sobre aviso&#8230; \u00a1no todo es tan maravilloso como lo pintan!<\/p>\n<div style=\"text-align: center\"> <\/div>\n<div style=\"text-align: center\"><\/div>\n<p>Numerosos estudios e investigaciones han relacionado el uso del tel\u00e9fono m\u00f3vil con alteraciones cognitivas en la infancia como el d\u00e9ficit de atenci\u00f3n, problemas de memoria o retraso en el aprendizaje, con el aumento de la impulsividad y la falta de autocontrol, con problemas de conducta y alteraciones mucho m\u00e1s serias como estr\u00e9s o ansiedad infantil. Una investigaci\u00f3n realizada por la prestigiosa Universidad Rey Juan Carlos de Madrid en conjunto con otras instituciones desvel\u00f3 que casi el 60% de los menores de 18 a\u00f1os presentan dependencia del m\u00f3vil con el correspondiente aumento de posibilidades de desarrollar adicci\u00f3n a la tecnolog\u00eda. \u00a1No lo olviden&#8230; se acerca la campa\u00f1a navide\u00f1a y el m\u00f3vil o la tablet digital ser\u00e1 uno de los posibles regalos incluidos en la lista!<\/p>\n<div style=\"text-align: center\"><\/div>\n","protected":false},"excerpt":{"rendered":"<p>Se trata de un episodio del programa Equipo de Investigaci\u00f3n, de La Sexta, emitido por vez primera en el a\u00f1o 2016 y que hoy han recuperado en esta ma\u00f1ana de domingo. \u00a1No tiene desperdicio&#8230; y sigue de plena vigencia! Hace un repaso por las principales redes sociales, los usos que realizamos consciente e inconscientemente y [&hellip;]<\/p>\n","protected":false},"author":43,"featured_media":0,"comment_status":"open","ping_status":"open","sticky":false,"template":"","format":"standard","meta":{"footnotes":""},"categories":[75],"tags":[],"class_list":["post-212","post","type-post","status-publish","format-standard","hentry","category-para-las-familias"],"_links":{"self":[{"href":"https:\/\/edublog.educastur.es\/cpclarin56\/wp-json\/wp\/v2\/posts\/212","targetHints":{"allow":["GET"]}}],"collection":[{"href":"https:\/\/edublog.educastur.es\/cpclarin56\/wp-json\/wp\/v2\/posts"}],"about":[{"href":"https:\/\/edublog.educastur.es\/cpclarin56\/wp-json\/wp\/v2\/types\/post"}],"author":[{"embeddable":true,"href":"https:\/\/edublog.educastur.es\/cpclarin56\/wp-json\/wp\/v2\/users\/43"}],"replies":[{"embeddable":true,"href":"https:\/\/edublog.educastur.es\/cpclarin56\/wp-json\/wp\/v2\/comments?post=212"}],"version-history":[{"count":0,"href":"https:\/\/edublog.educastur.es\/cpclarin56\/wp-json\/wp\/v2\/posts\/212\/revisions"}],"wp:attachment":[{"href":"https:\/\/edublog.educastur.es\/cpclarin56\/wp-json\/wp\/v2\/media?parent=212"}],"wp:term":[{"taxonomy":"category","embeddable":true,"href":"https:\/\/edublog.educastur.es\/cpclarin56\/wp-json\/wp\/v2\/categories?post=212"},{"taxonomy":"post_tag","embeddable":true,"href":"https:\/\/edublog.educastur.es\/cpclarin56\/wp-json\/wp\/v2\/tags?post=212"}],"curies":[{"name":"wp","href":"https:\/\/api.w.org\/{rel}","templated":true}]}}