{"id":243,"date":"2019-03-15T07:01:00","date_gmt":"2019-03-15T07:01:00","guid":{"rendered":"https:\/\/edublog.educastur.es\/cpclarin56\/2019\/03\/15\/el-futuro-es-vuestro\/"},"modified":"2019-03-15T07:01:00","modified_gmt":"2019-03-15T07:01:00","slug":"el-futuro-es-vuestro","status":"publish","type":"post","link":"https:\/\/edublog.educastur.es\/cpclarin56\/2019\/03\/15\/el-futuro-es-vuestro\/","title":{"rendered":"\u00a1El futuro es vuestro!"},"content":{"rendered":"<p>15 de mazo. Hoy los estudiantes de todo el mundo convocan una huelga mundial por el clima. J\u00f3venes estudiantes han tomado como referencia a Greta Thunberg, activista sueca que con tan solo 15 a\u00f1os decidi\u00f3 plantarse un viernes, ella sola, enfundada en un chubasquero amarillo y con una simple pancarta de manera, frente al Parlamento de Suecia para solicitar a su Gobierno que cumpliese con el Acuerdo de Par\u00eds sobre el Clima.<\/p>\n<div style=\"clear: both;text-align: center\"><\/div>\n<div style=\"clear: both;text-align: left\">Esto suced\u00eda a finales de agosto de 2018. En septiembre de este mismo a\u00f1o empez\u00f3 a faltar a clase los viernes y as\u00ed nacieron los Viernes para el futuro, la traducci\u00f3n del hashtag de #FridaysForFuture, que se extendi\u00f3 por las redes sociales. En diciembre, Greta dio un memorable discurso en la Cumbre del Clima de Katowice, en Polonia, frente a m\u00e1s de un centenar de l\u00edderes mundiales.&nbsp;<\/div>\n<p><\/p>\n<div style=\"clear: both;text-align: center\"><\/div>\n<p>Hoy su huelga se hace mundial: los estudiantes universitarios, y tambi\u00e9n los de Secundaria, est\u00e1n llamados a secundarla. \u00bfHa nacido \u00abel 15M del clima\u00bb?<\/p>\n<div style=\"clear: both;text-align: center\"><a href=\"https:\/\/1.bp.blogspot.com\/-vCAKmVuOzNg\/XItKdFgrzlI\/AAAAAAAAJF0\/hMEnb-3ru7Ij6oxzYgQJ3iXLQFW8hMKJQCLcBGAs\/s1600\/huelga%2Bestudiantes%2Bmedioambiental.jpg\" style=\"margin-left: 1em;margin-right: 1em\"><img loading=\"lazy\" decoding=\"async\" border=\"0\" data-original-height=\"947\" data-original-width=\"1600\" height=\"189\" src=\"https:\/\/1.bp.blogspot.com\/-vCAKmVuOzNg\/XItKdFgrzlI\/AAAAAAAAJF0\/hMEnb-3ru7Ij6oxzYgQJ3iXLQFW8hMKJQCLcBGAs\/s320\/huelga%2Bestudiantes%2Bmedioambiental.jpg\" width=\"320\" \/><\/a><\/div>\n<div style=\"clear: both;text-align: center\"><\/div>\n<p><a href=\"https:\/\/twitter.com\/hashtag\/fridaysforfuture?ref_src=twsrc%5Egoogle%7Ctwcamp%5Eserp%7Ctwgr%5Ehashtag\" target=\"_blank\" rel=\"noopener\">#FridaysForFuture<\/a><\/p>\n<p><a href=\"https:\/\/twitter.com\/hashtag\/15MClim%C3%A1tico?src=hash\" target=\"_blank\" rel=\"noopener\">#15MClim\u00e1tico<\/a><\/p>\n<p>Entrevista &#8211; Reportaje Greta Thunberg, recogida en El Pa\u00eds &#8211; <a href=\"https:\/\/elpais.com\/sociedad\/2019\/03\/09\/actualidad\/1552146532_090042.html\" target=\"_blank\" rel=\"noopener\">Ver<\/a><\/p>\n<p>Acuerdo de Par\u00eds por el Clima &#8211; <a href=\"https:\/\/porelclima.es\/la-comunidad-porelclima\/acuerdo-de-paris\" target=\"_blank\" rel=\"noopener\">Informaci\u00f3n<\/a><\/p>\n<p>Cumbre del clima de Katowice, informaci\u00f3n recogida de ABC &#8211; <a href=\"https:\/\/www.abc.es\/natural\/cambioclimatico\/abci-katowice-cumbre-diferencias-201812140850_noticia.html\" target=\"_blank\" rel=\"noopener\">Ver<\/a><\/p>\n<p><a href=\"http:\/\/juventudxclima.es\/\" target=\"_blank\" rel=\"noopener\">Juventud por el Clima<\/a> &#8211; movimiento ecologista juvenil que convoca las movilizaciones de hoy<\/p>\n","protected":false},"excerpt":{"rendered":"<p>15 de mazo. Hoy los estudiantes de todo el mundo convocan una huelga mundial por el clima. J\u00f3venes estudiantes han tomado como referencia a Greta Thunberg, activista sueca que con tan solo 15 a\u00f1os decidi\u00f3 plantarse un viernes, ella sola, enfundada en un chubasquero amarillo y con una simple pancarta de manera, frente al Parlamento [&hellip;]<\/p>\n","protected":false},"author":43,"featured_media":0,"comment_status":"open","ping_status":"open","sticky":false,"template":"","format":"standard","meta":{"footnotes":""},"categories":[88,18,89],"tags":[],"class_list":["post-243","post","type-post","status-publish","format-standard","hentry","category-cambio-climatico","category-ciencias-naturales","category-medio-ambiente"],"_links":{"self":[{"href":"https:\/\/edublog.educastur.es\/cpclarin56\/wp-json\/wp\/v2\/posts\/243","targetHints":{"allow":["GET"]}}],"collection":[{"href":"https:\/\/edublog.educastur.es\/cpclarin56\/wp-json\/wp\/v2\/posts"}],"about":[{"href":"https:\/\/edublog.educastur.es\/cpclarin56\/wp-json\/wp\/v2\/types\/post"}],"author":[{"embeddable":true,"href":"https:\/\/edublog.educastur.es\/cpclarin56\/wp-json\/wp\/v2\/users\/43"}],"replies":[{"embeddable":true,"href":"https:\/\/edublog.educastur.es\/cpclarin56\/wp-json\/wp\/v2\/comments?post=243"}],"version-history":[{"count":0,"href":"https:\/\/edublog.educastur.es\/cpclarin56\/wp-json\/wp\/v2\/posts\/243\/revisions"}],"wp:attachment":[{"href":"https:\/\/edublog.educastur.es\/cpclarin56\/wp-json\/wp\/v2\/media?parent=243"}],"wp:term":[{"taxonomy":"category","embeddable":true,"href":"https:\/\/edublog.educastur.es\/cpclarin56\/wp-json\/wp\/v2\/categories?post=243"},{"taxonomy":"post_tag","embeddable":true,"href":"https:\/\/edublog.educastur.es\/cpclarin56\/wp-json\/wp\/v2\/tags?post=243"}],"curies":[{"name":"wp","href":"https:\/\/api.w.org\/{rel}","templated":true}]}}