{"id":303,"date":"2018-08-25T08:32:00","date_gmt":"2018-08-25T08:32:00","guid":{"rendered":"https:\/\/edublog.educastur.es\/cpclarin56\/2018\/08\/25\/prestamo-de-libros-2018-2019\/"},"modified":"2018-08-25T08:32:00","modified_gmt":"2018-08-25T08:32:00","slug":"prestamo-de-libros-2018-2019","status":"publish","type":"post","link":"https:\/\/edublog.educastur.es\/cpclarin56\/2018\/08\/25\/prestamo-de-libros-2018-2019\/","title":{"rendered":"Pr\u00e9stamo de libros 2018 &#8211; 2019"},"content":{"rendered":"<div style=\"clear: both;text-align: center\"><a href=\"https:\/\/3.bp.blogspot.com\/-C0En8UTZDII\/Vf0URX9f5_I\/AAAAAAAACdg\/pV42ZfWIy-MSCE4mMcmtrSfhePFeyg5sACPcBGAYYCw\/s1600\/logo_educastur.png\" style=\"clear: left;float: left;margin-bottom: 1em;margin-right: 1em\"><img decoding=\"async\" border=\"0\" data-original-height=\"44\" data-original-width=\"200\" src=\"https:\/\/3.bp.blogspot.com\/-C0En8UTZDII\/Vf0URX9f5_I\/AAAAAAAACdg\/pV42ZfWIy-MSCE4mMcmtrSfhePFeyg5sACPcBGAYYCw\/s1600\/logo_educastur.png\" \/><\/a><\/div>\n<p>En el sitio institucional <a href=\"https:\/\/www.educastur.es\/\" target=\"_blank\" rel=\"noopener\">Educastur<\/a> de la Consejer\u00eda de Educaci\u00f3n del Principado de Asturias ya est\u00e1 disponible el listado de solicitudes concedidas con relaci\u00f3n al pr\u00e9stamo de libros para este curso 2018 &#8211; 2019:<\/p>\n<h3 style=\"text-align: center\"><a href=\"https:\/\/4.bp.blogspot.com\/-SQL-FcrQ4Rc\/W3P29WCZ4cI\/AAAAAAAAHvw\/5OLYcvg1NpsBpiMfTTZ8zfSvx1gjeowKQCPcBGAYYCw\/s1600\/icon_pdf.png\" style=\"margin-left: 1em;margin-right: 1em\"><img decoding=\"async\" border=\"0\" data-original-height=\"64\" data-original-width=\"64\" src=\"https:\/\/4.bp.blogspot.com\/-SQL-FcrQ4Rc\/W3P29WCZ4cI\/AAAAAAAAHvw\/5OLYcvg1NpsBpiMfTTZ8zfSvx1gjeowKQCPcBGAYYCw\/s1600\/icon_pdf.png\" \/><\/a>&nbsp;<a href=\"https:\/\/www.educastur.es\/documents\/10531\/856315\/2018-08+Listado+concesiones+libros+texto.pdf\/5468ad55-d017-478a-b1a5-3ee49c655859\" target=\"_blank\" rel=\"noopener\">Ver listado &#8211; formato PDF<\/a><\/h3>\n<p><\/p>\n","protected":false},"excerpt":{"rendered":"<p>En el sitio institucional Educastur de la Consejer\u00eda de Educaci\u00f3n del Principado de Asturias ya est\u00e1 disponible el listado de solicitudes concedidas con relaci\u00f3n al pr\u00e9stamo de libros para este curso 2018 &#8211; 2019: &nbsp;Ver listado &#8211; formato PDF<\/p>\n","protected":false},"author":43,"featured_media":0,"comment_status":"open","ping_status":"open","sticky":false,"template":"","format":"standard","meta":{"footnotes":""},"categories":[109,75],"tags":[],"class_list":["post-303","post","type-post","status-publish","format-standard","hentry","category-ayudas-y-becas","category-para-las-familias"],"_links":{"self":[{"href":"https:\/\/edublog.educastur.es\/cpclarin56\/wp-json\/wp\/v2\/posts\/303","targetHints":{"allow":["GET"]}}],"collection":[{"href":"https:\/\/edublog.educastur.es\/cpclarin56\/wp-json\/wp\/v2\/posts"}],"about":[{"href":"https:\/\/edublog.educastur.es\/cpclarin56\/wp-json\/wp\/v2\/types\/post"}],"author":[{"embeddable":true,"href":"https:\/\/edublog.educastur.es\/cpclarin56\/wp-json\/wp\/v2\/users\/43"}],"replies":[{"embeddable":true,"href":"https:\/\/edublog.educastur.es\/cpclarin56\/wp-json\/wp\/v2\/comments?post=303"}],"version-history":[{"count":0,"href":"https:\/\/edublog.educastur.es\/cpclarin56\/wp-json\/wp\/v2\/posts\/303\/revisions"}],"wp:attachment":[{"href":"https:\/\/edublog.educastur.es\/cpclarin56\/wp-json\/wp\/v2\/media?parent=303"}],"wp:term":[{"taxonomy":"category","embeddable":true,"href":"https:\/\/edublog.educastur.es\/cpclarin56\/wp-json\/wp\/v2\/categories?post=303"},{"taxonomy":"post_tag","embeddable":true,"href":"https:\/\/edublog.educastur.es\/cpclarin56\/wp-json\/wp\/v2\/tags?post=303"}],"curies":[{"name":"wp","href":"https:\/\/api.w.org\/{rel}","templated":true}]}}