{"id":304,"date":"2018-08-19T07:02:00","date_gmt":"2018-08-19T07:02:00","guid":{"rendered":"https:\/\/edublog.educastur.es\/cpclarin56\/2018\/08\/19\/proyecto-11x12-curso-2018-2019\/"},"modified":"2018-08-19T07:02:00","modified_gmt":"2018-08-19T07:02:00","slug":"proyecto-11x12-curso-2018-2019","status":"publish","type":"post","link":"https:\/\/edublog.educastur.es\/cpclarin56\/2018\/08\/19\/proyecto-11x12-curso-2018-2019\/","title":{"rendered":"Proyecto 11&#215;12 &#8211; Curso 2018 \/ 2019"},"content":{"rendered":"<p>El Proyecto 11 x 12 de Conciliaci\u00f3n de la Vida Laboral y Familiar del Ayuntamiento de Gij\u00f3n se pondr\u00e1 en marcha desde el primer d\u00eda de clase, el pr\u00f3ximo 10 de septiembre.<br \/>El per\u00edodo de inscripci\u00f3n <b><span style=\"color: red\">comenzar\u00e1 el 3 de septiembre<\/span><\/b>, en horarios de ma\u00f1anas, en el propio colegio.<br \/>Toda la informaci\u00f3n disponible hasta el momento (incluyendo modalidades del servicio y sus tarifas) en la p\u00e1gina del Ayuntamiento de Gij\u00f3n:<\/p>\n<div style=\"clear: both;text-align: center\"><a href=\"http:\/\/www.gijon.es\/noticias\/show\/39948-proyecto-11x12-curso-2018-2019\" target=\"_blank\" rel=\"noopener\"><img decoding=\"async\" border=\"0\" data-original-height=\"286\" data-original-width=\"495\" src=\"https:\/\/3.bp.blogspot.com\/-7aKGQFGj6-k\/W3kVxZm5dcI\/AAAAAAAAHxc\/mcaXaaOlwUASQYABdPluC_xPt7-N_789QCLcBGAs\/s1600\/11x12.png\" \/><\/a><\/div>\n","protected":false},"excerpt":{"rendered":"<p>El Proyecto 11 x 12 de Conciliaci\u00f3n de la Vida Laboral y Familiar del Ayuntamiento de Gij\u00f3n se pondr\u00e1 en marcha desde el primer d\u00eda de clase, el pr\u00f3ximo 10 de septiembre.El per\u00edodo de inscripci\u00f3n comenzar\u00e1 el 3 de septiembre, en horarios de ma\u00f1anas, en el propio colegio.Toda la informaci\u00f3n disponible hasta el momento (incluyendo [&hellip;]<\/p>\n","protected":false},"author":43,"featured_media":0,"comment_status":"open","ping_status":"open","sticky":false,"template":"","format":"standard","meta":{"footnotes":""},"categories":[75],"tags":[],"class_list":["post-304","post","type-post","status-publish","format-standard","hentry","category-para-las-familias"],"_links":{"self":[{"href":"https:\/\/edublog.educastur.es\/cpclarin56\/wp-json\/wp\/v2\/posts\/304","targetHints":{"allow":["GET"]}}],"collection":[{"href":"https:\/\/edublog.educastur.es\/cpclarin56\/wp-json\/wp\/v2\/posts"}],"about":[{"href":"https:\/\/edublog.educastur.es\/cpclarin56\/wp-json\/wp\/v2\/types\/post"}],"author":[{"embeddable":true,"href":"https:\/\/edublog.educastur.es\/cpclarin56\/wp-json\/wp\/v2\/users\/43"}],"replies":[{"embeddable":true,"href":"https:\/\/edublog.educastur.es\/cpclarin56\/wp-json\/wp\/v2\/comments?post=304"}],"version-history":[{"count":0,"href":"https:\/\/edublog.educastur.es\/cpclarin56\/wp-json\/wp\/v2\/posts\/304\/revisions"}],"wp:attachment":[{"href":"https:\/\/edublog.educastur.es\/cpclarin56\/wp-json\/wp\/v2\/media?parent=304"}],"wp:term":[{"taxonomy":"category","embeddable":true,"href":"https:\/\/edublog.educastur.es\/cpclarin56\/wp-json\/wp\/v2\/categories?post=304"},{"taxonomy":"post_tag","embeddable":true,"href":"https:\/\/edublog.educastur.es\/cpclarin56\/wp-json\/wp\/v2\/tags?post=304"}],"curies":[{"name":"wp","href":"https:\/\/api.w.org\/{rel}","templated":true}]}}