{"id":330,"date":"2018-05-28T08:28:00","date_gmt":"2018-05-28T08:28:00","guid":{"rendered":"https:\/\/edublog.educastur.es\/cpclarin56\/2018\/05\/28\/comunidades-autonomas-curiosidades-geograficas-e-historicas\/"},"modified":"2018-05-28T08:28:00","modified_gmt":"2018-05-28T08:28:00","slug":"comunidades-autonomas-curiosidades-geograficas-e-historicas","status":"publish","type":"post","link":"https:\/\/edublog.educastur.es\/cpclarin56\/2018\/05\/28\/comunidades-autonomas-curiosidades-geograficas-e-historicas\/","title":{"rendered":"Comunidades Aut\u00f3nomas &#8211; Curiosidades geogr\u00e1ficas e hist\u00f3ricas"},"content":{"rendered":"<h3>Comunidad de Castilla y Le\u00f3n &#8211; El Condado de Trevi\u00f1o<\/h3>\n<div>La fundaci\u00f3n oficial de la villa de Trevi\u00f1o fue en 1161 por el rey de Navarra Sancho VI El Sabio. A finales del siglo XVIII formaba parte de Miranda del Ebro que pertenece a la provincia de Burgos. Existe pues un conflicto pol\u00edtico-territorial, a\u00fan latente hoy, por el cual se reclama su pertenencia a la provincia de \u00c1lava.<\/div>\n<div><\/div>\n<table align=\"center\" cellpadding=\"0\" cellspacing=\"0\" style=\"margin-left: auto;margin-right: auto;text-align: center\">\n<tbody>\n<tr>\n<td style=\"text-align: center\"><a href=\"http:\/\/upload.wikimedia.org\/wikipedia\/commons\/0\/0b\/Burgos-loc.svg\" style=\"margin-left: auto;margin-right: auto\"><img loading=\"lazy\" decoding=\"async\" border=\"0\" src=\"https:\/\/upload.wikimedia.org\/wikipedia\/commons\/0\/0b\/Burgos-loc.svg\" height=\"320\" width=\"254\" \/><\/a><\/td>\n<\/tr>\n<tr>\n<td style=\"text-align: center\">La provincia de Burgos y la situaci\u00f3n geogr\u00e1fica del Condado de Trevi\u00f1o<\/td>\n<\/tr>\n<\/tbody>\n<\/table>\n<h3>Comunidad Valenciana &#8211; El Rinc\u00f3n de Ademuz<\/h3>\n<p>El territorio actual de la Comunidad Valenciana coincide en su mayor parte con el del hist\u00f3rico Reino de Valencia (creado en 1233 por el rey Jaime I el Conquistador).<br \/>Est\u00e1 situado en el este y sureste de la Pen\u00ednsula Ib\u00e9rica y tambi\u00e9n forma parte de \u00e9l el archipi\u00e9lago de las islas Columbretes, la Isla de Tabarca y otras islas menores e islotes cercanos a la costa, adem\u00e1s del Rinc\u00f3n de Ademuz, un enclave separado totalmente del resto del territorio valenciano.<\/p>\n<p><b>Reserva Natural de las islas Columbretes<\/b> &#8211; a 56 km del cabo de Oropesa, en Castell\u00f3n de la Plana<br \/><a href=\"http:\/\/www.islascolumbretes.org\/\">http:\/\/www.islascolumbretes.org\/<\/a><\/p>\n<p><b>Isla de Tabarca<\/b> &#8211; a 22 km de la ciudad de Alicante<\/p>\n<div style=\"clear: both;text-align: center\"><a href=\"http:\/\/upload.wikimedia.org\/wikipedia\/commons\/3\/3c\/Tabarca_NWW.png\" style=\"margin-left: 1em;margin-right: 1em\"><img loading=\"lazy\" decoding=\"async\" border=\"0\" src=\"https:\/\/upload.wikimedia.org\/wikipedia\/commons\/3\/3c\/Tabarca_NWW.png\" height=\"271\" width=\"400\" \/><\/a><\/div>\n<p><b>El Rinc\u00f3n de Ademuz<\/b><\/p>\n<table align=\"center\" cellpadding=\"0\" cellspacing=\"0\" style=\"margin-left: auto;margin-right: auto;text-align: center\">\n<tbody>\n<tr>\n<td style=\"text-align: center\"><a href=\"http:\/\/upload.wikimedia.org\/wikipedia\/commons\/2\/27\/Localitzaci%C3%B3_del_Rac%C3%B3_respecte_del_Pa%C3%ADs_Valenci%C3%A0.png\" style=\"margin-left: auto;margin-right: auto\"><img loading=\"lazy\" decoding=\"async\" border=\"0\" src=\"https:\/\/upload.wikimedia.org\/wikipedia\/commons\/2\/27\/Localitzaci%C3%B3_del_Rac%C3%B3_respecte_del_Pa%C3%ADs_Valenci%C3%A0.png\" height=\"320\" width=\"190\" \/><\/a><\/td>\n<\/tr>\n<tr>\n<td style=\"text-align: center\">El territorio del Rinc\u00f3n de Ademuz en color rojo en la ilustraci\u00f3n<\/td>\n<\/tr>\n<\/tbody>\n<\/table>\n","protected":false},"excerpt":{"rendered":"<p>Comunidad de Castilla y Le\u00f3n &#8211; El Condado de Trevi\u00f1o La fundaci\u00f3n oficial de la villa de Trevi\u00f1o fue en 1161 por el rey de Navarra Sancho VI El Sabio. A finales del siglo XVIII formaba parte de Miranda del Ebro que pertenece a la provincia de Burgos. Existe pues un conflicto pol\u00edtico-territorial, a\u00fan latente [&hellip;]<\/p>\n","protected":false},"author":43,"featured_media":0,"comment_status":"open","ping_status":"open","sticky":false,"template":"","format":"standard","meta":{"footnotes":""},"categories":[11,39],"tags":[],"class_list":["post-330","post","type-post","status-publish","format-standard","hentry","category-ciencias-sociales","category-conociendo-espana"],"_links":{"self":[{"href":"https:\/\/edublog.educastur.es\/cpclarin56\/wp-json\/wp\/v2\/posts\/330","targetHints":{"allow":["GET"]}}],"collection":[{"href":"https:\/\/edublog.educastur.es\/cpclarin56\/wp-json\/wp\/v2\/posts"}],"about":[{"href":"https:\/\/edublog.educastur.es\/cpclarin56\/wp-json\/wp\/v2\/types\/post"}],"author":[{"embeddable":true,"href":"https:\/\/edublog.educastur.es\/cpclarin56\/wp-json\/wp\/v2\/users\/43"}],"replies":[{"embeddable":true,"href":"https:\/\/edublog.educastur.es\/cpclarin56\/wp-json\/wp\/v2\/comments?post=330"}],"version-history":[{"count":0,"href":"https:\/\/edublog.educastur.es\/cpclarin56\/wp-json\/wp\/v2\/posts\/330\/revisions"}],"wp:attachment":[{"href":"https:\/\/edublog.educastur.es\/cpclarin56\/wp-json\/wp\/v2\/media?parent=330"}],"wp:term":[{"taxonomy":"category","embeddable":true,"href":"https:\/\/edublog.educastur.es\/cpclarin56\/wp-json\/wp\/v2\/categories?post=330"},{"taxonomy":"post_tag","embeddable":true,"href":"https:\/\/edublog.educastur.es\/cpclarin56\/wp-json\/wp\/v2\/tags?post=330"}],"curies":[{"name":"wp","href":"https:\/\/api.w.org\/{rel}","templated":true}]}}