{"id":332,"date":"2018-04-29T18:54:00","date_gmt":"2018-04-29T18:54:00","guid":{"rendered":"https:\/\/edublog.educastur.es\/cpclarin56\/2018\/04\/29\/los-limites-de-espana\/"},"modified":"2018-04-29T18:54:00","modified_gmt":"2018-04-29T18:54:00","slug":"los-limites-de-espana","status":"publish","type":"post","link":"https:\/\/edublog.educastur.es\/cpclarin56\/2018\/04\/29\/los-limites-de-espana\/","title":{"rendered":"Los l\u00edmites de Espa\u00f1a"},"content":{"rendered":"<h3>Mapa para realizar la actividad:<\/h3>\n<div style=\"clear: both;text-align: center\"><a href=\"http:\/\/2.bp.blogspot.com\/-etoeOe5xJm8\/VOjho0zHUBI\/AAAAAAAABJ0\/FjDSTRfwxBE\/s1600\/mudo%2Bprovincias%2By%2Bcomunidades%2B%2B1000.gif\" style=\"margin-left: 1em;margin-right: 1em\"><img loading=\"lazy\" decoding=\"async\" border=\"0\" height=\"291\" src=\"https:\/\/2.bp.blogspot.com\/-etoeOe5xJm8\/VOjho0zHUBI\/AAAAAAAABJ0\/FjDSTRfwxBE\/s1600\/mudo%2Bprovincias%2By%2Bcomunidades%2B%2B1000.gif\" width=\"400\" \/><\/a><\/div>\n<p>Se\u00f1alamos en \u00e9l sus l\u00edmites:<\/p>\n<ul>\n<li>Al <b>norte<\/b>: el mar Cant\u00e1brico, Francia y Andorra.<\/li>\n<li>Al <b>sur<\/b>: el mar Mediterr\u00e1neo, Marruecos y el Oc\u00e9ano Atl\u00e1ntico<\/li>\n<li>Al <b>este<\/b>: el mar Mediterr\u00e1neo<\/li>\n<li>y al <b>oeste<\/b>: el Oc\u00e9ano Atl\u00e1ntico y Portugal<\/li>\n<\/ul>\n<div style=\"clear: both;text-align: center\"><\/div>\n<div><\/div>\n","protected":false},"excerpt":{"rendered":"<p>Mapa para realizar la actividad: Se\u00f1alamos en \u00e9l sus l\u00edmites: Al norte: el mar Cant\u00e1brico, Francia y Andorra. Al sur: el mar Mediterr\u00e1neo, Marruecos y el Oc\u00e9ano Atl\u00e1ntico Al este: el mar Mediterr\u00e1neo y al oeste: el Oc\u00e9ano Atl\u00e1ntico y Portugal<\/p>\n","protected":false},"author":43,"featured_media":0,"comment_status":"open","ping_status":"open","sticky":false,"template":"","format":"standard","meta":{"footnotes":""},"categories":[11,39],"tags":[],"class_list":["post-332","post","type-post","status-publish","format-standard","hentry","category-ciencias-sociales","category-conociendo-espana"],"_links":{"self":[{"href":"https:\/\/edublog.educastur.es\/cpclarin56\/wp-json\/wp\/v2\/posts\/332","targetHints":{"allow":["GET"]}}],"collection":[{"href":"https:\/\/edublog.educastur.es\/cpclarin56\/wp-json\/wp\/v2\/posts"}],"about":[{"href":"https:\/\/edublog.educastur.es\/cpclarin56\/wp-json\/wp\/v2\/types\/post"}],"author":[{"embeddable":true,"href":"https:\/\/edublog.educastur.es\/cpclarin56\/wp-json\/wp\/v2\/users\/43"}],"replies":[{"embeddable":true,"href":"https:\/\/edublog.educastur.es\/cpclarin56\/wp-json\/wp\/v2\/comments?post=332"}],"version-history":[{"count":0,"href":"https:\/\/edublog.educastur.es\/cpclarin56\/wp-json\/wp\/v2\/posts\/332\/revisions"}],"wp:attachment":[{"href":"https:\/\/edublog.educastur.es\/cpclarin56\/wp-json\/wp\/v2\/media?parent=332"}],"wp:term":[{"taxonomy":"category","embeddable":true,"href":"https:\/\/edublog.educastur.es\/cpclarin56\/wp-json\/wp\/v2\/categories?post=332"},{"taxonomy":"post_tag","embeddable":true,"href":"https:\/\/edublog.educastur.es\/cpclarin56\/wp-json\/wp\/v2\/tags?post=332"}],"curies":[{"name":"wp","href":"https:\/\/api.w.org\/{rel}","templated":true}]}}