{"id":359,"date":"2017-11-30T12:03:00","date_gmt":"2017-11-30T12:03:00","guid":{"rendered":"https:\/\/edublog.educastur.es\/cpclarin56\/2017\/11\/30\/los-pronombres-personales\/"},"modified":"2017-11-30T12:03:00","modified_gmt":"2017-11-30T12:03:00","slug":"los-pronombres-personales","status":"publish","type":"post","link":"https:\/\/edublog.educastur.es\/cpclarin56\/2017\/11\/30\/los-pronombres-personales\/","title":{"rendered":"Los pronombres personales"},"content":{"rendered":"<div style=\"clear: both;text-align: center\"><a href=\"https:\/\/1.bp.blogspot.com\/-9HglA6pX9nM\/WhqsW0tedrI\/AAAAAAAAHTo\/soJyivb4GF4n70CYigXdRPt55Ukes1AFgCKgBGAs\/s1600\/MARCO_PRONOMBRES_PERSONALES.png\" style=\"margin-left: 1em;margin-right: 1em\"><img loading=\"lazy\" decoding=\"async\" border=\"0\" data-original-height=\"450\" data-original-width=\"600\" height=\"300\" src=\"https:\/\/1.bp.blogspot.com\/-9HglA6pX9nM\/WhqsW0tedrI\/AAAAAAAAHTo\/soJyivb4GF4n70CYigXdRPt55Ukes1AFgCKgBGAs\/s400\/MARCO_PRONOMBRES_PERSONALES.png\" width=\"400\" \/><\/a><\/div>\n<div style=\"clear: both;text-align: left\"><\/div>\n<div style=\"clear: both;text-align: left\">Podemos clasificar los pronombres personales seg\u00fan sean:<\/div>\n<div style=\"clear: both;text-align: left\"><\/div>\n<ol>\n<li>De 1\u00aa persona, de 2\u00aa persona o de 3\u00aa persona.<\/li>\n<li>T\u00f3nicos y \u00e1tonos.<\/li>\n<li>Singular y plural.<\/li>\n<\/ol>\n<h2><b>1\u00aa PERSONA, 2\u00aa PERSONA O 3\u00aa PERSONA<\/b><\/h2>\n<div><b>Los pronombres personales de 1\u00aa persona<\/b> nombran a la persona que habla o a un grupo entre los que se encuentra la persona que habla.<\/p>\n<\/div>\n<h4>\n<div style=\"text-align: center\"><b><span style=\"color: red\">Nosotras<\/span><\/b> jugamos con la pelota en el patio del colegio.<\/div>\n<div style=\"text-align: center\"><\/div>\n<div style=\"text-align: center\">H\u00e1bla<b><span style=\"color: red\">me<\/span><\/b> cuando te mire.<\/div>\n<\/h4>\n<div><b><br \/><\/b><b>Los pronombres personales de 2\u00aa persona <\/b> nombran a la persona o personas que escuchan.<\/p>\n<\/div>\n<h4>\n<div style=\"text-align: center\"><span style=\"color: red\"><span style=\"background-color: white\">T\u00fa<\/span> <\/span>vendr\u00e1s a mi casa esta tarde.<\/div>\n<div style=\"text-align: center\"><\/div>\n<div style=\"text-align: center\"><span style=\"color: red\">Os<\/span> acercan en el coche.<\/div>\n<\/h4>\n<div style=\"text-align: left\"><b><br \/><\/b><b>Los pronombres personales de 3\u00aa persona<\/b><span style=\"font-weight: normal\"> nombran a una persona distinta de las anteriores o a un objeto de los que se habla.<\/span><br \/><span style=\"font-weight: normal\"><br \/><\/span><\/div>\n<h4>\n<div style=\"text-align: center\"><span style=\"color: red\">Ellos<\/span> no act\u00faan en este momento.<\/div>\n<div style=\"text-align: center\"><\/div>\n<div style=\"text-align: center\"><span style=\"color: red\">La<\/span> colocar\u00e9 encima de la mesa.<\/div>\n<\/h4>\n<h2>T\u00d3NICOS Y \u00c1TONOS<\/h2>\n<div style=\"text-align: left\"><b>Los pronombres personales t\u00f3nicos<\/b><span style=\"font-weight: normal\"> son aquellos que pueden aparecer solos:<\/span><br \/><span style=\"font-weight: normal\"><br \/><\/span><\/div>\n<h4>\n<div style=\"text-align: center\">\u00bfQui\u00e9n es el primero de la fila? <span style=\"color: #38761d\">Yo<\/span>.<\/div>\n<div style=\"text-align: center\"><\/div>\n<div style=\"text-align: center\"><span style=\"color: #38761d\">Vosotros<\/span>, acercaros a mi mesa.<\/div>\n<\/h4>\n<div style=\"text-align: left\"><b><br \/><\/b><b>Los pronombres personales \u00e1tonos<\/b><span style=\"font-weight: normal\"> son aquellos que nunca aparecen solos, sino que acompa\u00f1an a un verbo. Si van detr\u00e1s del verbo, se unen a \u00e9l.<\/span><br \/><span style=\"font-weight: normal\"><br \/><\/span><\/div>\n<h4>\n<div style=\"text-align: center\"><span style=\"color: #38761d\">Les<\/span> grabaron actuando en el escenario.<\/div>\n<div style=\"text-align: center\"><\/div>\n<div style=\"text-align: center\">Di<span style=\"color: #38761d\">me<\/span> que te parece.<\/p>\n<\/div>\n<\/h4>\n<div style=\"clear: both;text-align: center\"><a href=\"https:\/\/1.bp.blogspot.com\/-ACVrceAS1hY\/WhrAsI4mIzI\/AAAAAAAAHUg\/mFt50I2kw0Qm1i9bQQm3HC6NNb5zoBVrwCKgBGAs\/s1600\/pronombres_personales_tabla.png\" style=\"margin-left: 1em;margin-right: 1em\"><img loading=\"lazy\" decoding=\"async\" border=\"0\" data-original-height=\"427\" data-original-width=\"1157\" height=\"235\" src=\"https:\/\/1.bp.blogspot.com\/-ACVrceAS1hY\/WhrAsI4mIzI\/AAAAAAAAHUg\/mFt50I2kw0Qm1i9bQQm3HC6NNb5zoBVrwCKgBGAs\/s640\/pronombres_personales_tabla.png\" width=\"640\" \/><\/a><\/div>\n<div style=\"text-align: left\">\n<h2>LA FUNCI\u00d3N DE LOS PRONOMBRES PERSONALES<\/h2>\n<div>Los pronombres personales desempe\u00f1an las mismas funciones que un sustantivo y, por tanto, pueden funcionar como <b><span style=\"color: red\">N\u00daCLEOS DEL GRUPO NOMINAL<\/span><\/b>.<\/p>\n<\/div>\n<h2>JUEGA Y APRENDE<\/h2>\n<\/div>\n<div style=\"clear: both;text-align: center\"><a href=\"http:\/\/www.primaria.librosvivos.net\/archivosCMS\/3\/3\/16\/usuarios\/103294\/9\/5EP_Len_cas_ud10_Pronombres\/frame_prim.swf\" target=\"_blank\" rel=\"noopener\"><img loading=\"lazy\" decoding=\"async\" border=\"0\" height=\"169\" src=\"https:\/\/4.bp.blogspot.com\/-wRs3ggEOukQ\/VkuVuan7QZI\/AAAAAAAADn8\/zQXV6wcmDa8\/s320\/librosvivos_pronombres_personales.png\" width=\"320\" \/><\/a><\/div>\n<div style=\"clear: both;text-align: center\"><span style=\"font-size: x-small\">Nivel 5\u00ba &#8211; Pronombres personales t\u00f3nicos y \u00e1tonos<\/span><\/div>\n<p><\/p>\n<div style=\"clear: both;text-align: center\"><a href=\"http:\/\/www.primaria.librosvivos.net\/archivosCMS\/3\/3\/16\/usuarios\/103294\/9\/len3_u10_act\/frame_prim.swf\" target=\"_blank\" rel=\"noopener\"><img loading=\"lazy\" decoding=\"async\" border=\"0\" height=\"169\" src=\"https:\/\/4.bp.blogspot.com\/-2rs8EMq52vg\/VkuWGiGNtsI\/AAAAAAAADoE\/Acl2TQyQRkg\/s320\/librosvivos_pronombres_personales01.png\" width=\"320\" \/><\/a><\/div>\n<div style=\"clear: both;text-align: center\"><span style=\"font-size: x-small\">Nivel f\u00e1cil &#8211; Concordancia con la forma verbal correspondiente<\/span><\/div>\n<p><\/p>\n<div style=\"clear: both;text-align: center\"><a href=\"http:\/\/bromera.com\/tl_files\/activitatsdigitals\/Tilde_4_PF\/tilde4_u05_pag13_2.swf\" target=\"_blank\" rel=\"noopener\"><img loading=\"lazy\" decoding=\"async\" border=\"0\" height=\"238\" src=\"https:\/\/4.bp.blogspot.com\/-i3Qt-zwSsbY\/VkuWdsjH-5I\/AAAAAAAADoY\/w5qY-Iwd5hs\/s320\/bromera_pronombres_personales.png\" width=\"320\" \/><\/a><\/div>\n<div style=\"clear: both;text-align: center\"><span style=\"font-size: x-small\">Nivel f\u00e1cil<\/span><\/div>\n<p><\/p>\n<div style=\"clear: both;text-align: center\"><a href=\"http:\/\/bromera.com\/tl_files\/activitatsdigitals\/Tilde_4_PF\/tilde4_u05_pag13_4.swf\" target=\"_blank\" rel=\"noopener\"><img loading=\"lazy\" decoding=\"async\" border=\"0\" height=\"240\" src=\"https:\/\/2.bp.blogspot.com\/-c-6m_D3Azok\/VkuW3-_40GI\/AAAAAAAADoo\/w20fN2T4yPk\/s320\/bromera_pronombres_personales01.png\" width=\"320\" \/><\/a><\/div>\n<div style=\"clear: both;text-align: center\"><span style=\"font-size: x-small\">Para identificar y seleccionar seg\u00fan diferentes tipos de palabras<\/span><\/div>\n<p><\/p>\n<div style=\"clear: both;text-align: center\"><a href=\"http:\/\/bromera.com\/tl_files\/activitatsdigitals\/Tilde_3_PF\/tilde3_u08_pag_54_3.swf\" target=\"_blank\" rel=\"noopener\"><img loading=\"lazy\" decoding=\"async\" border=\"0\" height=\"243\" src=\"https:\/\/2.bp.blogspot.com\/-v_c_Lrf6Uf4\/VkuXKQSWNMI\/AAAAAAAADo0\/JZS1xRUL9G8\/s320\/bromera_pronombres_personales02.png\" width=\"320\" \/><\/a><\/div>\n<div style=\"clear: both;text-align: center\"><span style=\"font-size: x-small\">Nivel f\u00e1cil &#8211; Concordancia con la forma verbal correspondiente<\/span><\/div>\n<p><\/p>\n<div style=\"clear: both;text-align: center\"><a href=\"http:\/\/www.aurora.patrick-nieto.fr\/pronombres1.swf\" target=\"_blank\" rel=\"noopener\"><img loading=\"lazy\" decoding=\"async\" border=\"0\" height=\"198\" src=\"https:\/\/1.bp.blogspot.com\/-PP6-GyHS43o\/VkuXiYTUK1I\/AAAAAAAADpI\/KSDi4PpjtXE\/s320\/patrick_pronombres_personales.png\" width=\"320\" \/><\/a><\/div>\n<p><\/p>\n","protected":false},"excerpt":{"rendered":"<p>Podemos clasificar los pronombres personales seg\u00fan sean: De 1\u00aa persona, de 2\u00aa persona o de 3\u00aa persona. T\u00f3nicos y \u00e1tonos. Singular y plural. 1\u00aa PERSONA, 2\u00aa PERSONA O 3\u00aa PERSONA Los pronombres personales de 1\u00aa persona nombran a la persona que habla o a un grupo entre los que se encuentra la persona que habla. [&hellip;]<\/p>\n","protected":false},"author":43,"featured_media":0,"comment_status":"open","ping_status":"open","sticky":false,"template":"","format":"standard","meta":{"footnotes":""},"categories":[94,52],"tags":[],"class_list":["post-359","post","type-post","status-publish","format-standard","hentry","category-gramatica","category-lengua-castellana"],"_links":{"self":[{"href":"https:\/\/edublog.educastur.es\/cpclarin56\/wp-json\/wp\/v2\/posts\/359","targetHints":{"allow":["GET"]}}],"collection":[{"href":"https:\/\/edublog.educastur.es\/cpclarin56\/wp-json\/wp\/v2\/posts"}],"about":[{"href":"https:\/\/edublog.educastur.es\/cpclarin56\/wp-json\/wp\/v2\/types\/post"}],"author":[{"embeddable":true,"href":"https:\/\/edublog.educastur.es\/cpclarin56\/wp-json\/wp\/v2\/users\/43"}],"replies":[{"embeddable":true,"href":"https:\/\/edublog.educastur.es\/cpclarin56\/wp-json\/wp\/v2\/comments?post=359"}],"version-history":[{"count":0,"href":"https:\/\/edublog.educastur.es\/cpclarin56\/wp-json\/wp\/v2\/posts\/359\/revisions"}],"wp:attachment":[{"href":"https:\/\/edublog.educastur.es\/cpclarin56\/wp-json\/wp\/v2\/media?parent=359"}],"wp:term":[{"taxonomy":"category","embeddable":true,"href":"https:\/\/edublog.educastur.es\/cpclarin56\/wp-json\/wp\/v2\/categories?post=359"},{"taxonomy":"post_tag","embeddable":true,"href":"https:\/\/edublog.educastur.es\/cpclarin56\/wp-json\/wp\/v2\/tags?post=359"}],"curies":[{"name":"wp","href":"https:\/\/api.w.org\/{rel}","templated":true}]}}