{"id":379,"date":"2017-09-27T05:43:00","date_gmt":"2017-09-27T05:43:00","guid":{"rendered":"https:\/\/edublog.educastur.es\/cpclarin56\/2017\/09\/27\/gramatica-el-grupo-nominal\/"},"modified":"2017-09-27T05:43:00","modified_gmt":"2017-09-27T05:43:00","slug":"gramatica-el-grupo-nominal","status":"publish","type":"post","link":"https:\/\/edublog.educastur.es\/cpclarin56\/2017\/09\/27\/gramatica-el-grupo-nominal\/","title":{"rendered":"GRAM\u00c1TICA &#8211; El grupo nominal"},"content":{"rendered":"<h2><span style=\"font-family: inherit\">Aprende<\/span><\/h2>\n<p><span style=\", sans-serif\">El <b><span style=\"color: blue\">grupo nominal<\/span><\/b> es un conjunto de palabras que se agrupan en torno a un sustantivo. Puede estar formado por una sola palabra o por varias.<\/span><br \/><span style=\", sans-serif\">Las palabras que suelen aparecer en el grupo nominal son el art\u00edculo, el sustantivo y el adjetivo.&nbsp;<\/span><br \/><span style=\", sans-serif\">Cada una de esas palabras desempe\u00f1a una funci\u00f3n en el grupo nominal.<\/span><\/p>\n<ol>\n<li><span style=\", sans-serif\">El sustantivo es el <\/span><b style=\"font-family: 'Trebuchet MS', sans-serif\"><span style=\"color: blue\">n\u00facleo<\/span><\/b><span style=\", sans-serif\"> del grupo nominal.&nbsp;<\/span><\/li>\n<li><span style=\", sans-serif\">Suele ir precedido de otra palabra que funciona como <\/span><b style=\"font-family: 'Trebuchet MS', sans-serif\"><span style=\"color: blue\">determinante<\/span><\/b><span style=\", sans-serif\">.&nbsp;<\/span><\/li>\n<li><span style=\", sans-serif\">A veces acompa\u00f1a al sustantivo un adjetivo que funciona como <\/span><b style=\"font-family: 'Trebuchet MS', sans-serif\"><span style=\"color: blue\">complemento<\/span><\/b><span style=\", sans-serif\">.<\/span><\/li>\n<\/ol>\n<p><\/p>\n<div style=\"clear: both;text-align: center\"><a href=\"http:\/\/www.bromera.com\/tl_files\/activitatsdigitals\/Tilde_4_PF\/tilde4_u01_pag13_3.swf\" target=\"_blank\" rel=\"noopener\"><img loading=\"lazy\" decoding=\"async\" border=\"0\" height=\"243\" src=\"https:\/\/1.bp.blogspot.com\/-0zMtUUb7rXU\/Vf75IUU79xI\/AAAAAAAACmc\/1H1DOm8Gg-M\/s320\/algar_grupo_nominal.png\" width=\"320\" \/><\/a><\/div>\n<p><span style=\"font-family: inherit\"><\/span> <\/p>\n<h2><\/h2>\n<h2>REPASA&#8230;<\/h2>\n<div style=\"clear: both;text-align: center\"><a href=\"http:\/\/www.librosvivos.net\/smtc\/homeTC.asp?TemaClave=1012\" target=\"_blank\" rel=\"noopener\"><img loading=\"lazy\" decoding=\"async\" border=\"0\" data-original-height=\"745\" data-original-width=\"1057\" height=\"280\" src=\"https:\/\/3.bp.blogspot.com\/-3uY6cyScKik\/WcqJzoCJw1I\/AAAAAAAAG_M\/1lD5ZSOTbaEcqc40yn3AWMy_KVVdlzq4gCKgBGAs\/s400\/libros_vivos_grupo_nominal.png\" width=\"400\" \/><\/a><\/div>\n<p><\/p>\n<div style=\"clear: both;text-align: center\"><a href=\"https:\/\/cplosangeles.educarex.es\/web\/lengua6\/gruponominal\/indice.htm\" target=\"_blank\" rel=\"noopener\"><img loading=\"lazy\" decoding=\"async\" border=\"0\" data-original-height=\"523\" data-original-width=\"1289\" height=\"161\" src=\"https:\/\/1.bp.blogspot.com\/-ZbV-wTkDG9I\/WcqMvFVEbGI\/AAAAAAAAG_s\/h_rnBTloWhs-453jsHWqywfHYKcTSBoFwCKgBGAs\/s400\/educarex_grupo_nominal.png\" width=\"400\" \/><\/a><\/div>\n<p><\/p>\n<div style=\"clear: both;text-align: center\"><a href=\"http:\/\/www.ceiploreto.es\/sugerencias\/averroes\/colegiovirgendetiscar\/educativa\/grupo_nominal\/index.html\" target=\"_blank\" rel=\"noopener\"><img loading=\"lazy\" decoding=\"async\" border=\"0\" data-original-height=\"647\" data-original-width=\"1292\" height=\"200\" src=\"https:\/\/1.bp.blogspot.com\/-S9N4S2dJzyI\/WcqNY8LEURI\/AAAAAAAAG_8\/2V1XpClDcfA7B04Har1FV9sr7BiCQY7xQCKgBGAs\/s400\/ceip_loreto_grupo_nominal.png\" width=\"400\" \/><\/a><\/div>\n<p><\/p>\n","protected":false},"excerpt":{"rendered":"<p>Aprende El grupo nominal es un conjunto de palabras que se agrupan en torno a un sustantivo. Puede estar formado por una sola palabra o por varias.Las palabras que suelen aparecer en el grupo nominal son el art\u00edculo, el sustantivo y el adjetivo.&nbsp;Cada una de esas palabras desempe\u00f1a una funci\u00f3n en el grupo nominal. El [&hellip;]<\/p>\n","protected":false},"author":43,"featured_media":0,"comment_status":"open","ping_status":"open","sticky":false,"template":"","format":"standard","meta":{"footnotes":""},"categories":[94,52],"tags":[],"class_list":["post-379","post","type-post","status-publish","format-standard","hentry","category-gramatica","category-lengua-castellana"],"_links":{"self":[{"href":"https:\/\/edublog.educastur.es\/cpclarin56\/wp-json\/wp\/v2\/posts\/379","targetHints":{"allow":["GET"]}}],"collection":[{"href":"https:\/\/edublog.educastur.es\/cpclarin56\/wp-json\/wp\/v2\/posts"}],"about":[{"href":"https:\/\/edublog.educastur.es\/cpclarin56\/wp-json\/wp\/v2\/types\/post"}],"author":[{"embeddable":true,"href":"https:\/\/edublog.educastur.es\/cpclarin56\/wp-json\/wp\/v2\/users\/43"}],"replies":[{"embeddable":true,"href":"https:\/\/edublog.educastur.es\/cpclarin56\/wp-json\/wp\/v2\/comments?post=379"}],"version-history":[{"count":0,"href":"https:\/\/edublog.educastur.es\/cpclarin56\/wp-json\/wp\/v2\/posts\/379\/revisions"}],"wp:attachment":[{"href":"https:\/\/edublog.educastur.es\/cpclarin56\/wp-json\/wp\/v2\/media?parent=379"}],"wp:term":[{"taxonomy":"category","embeddable":true,"href":"https:\/\/edublog.educastur.es\/cpclarin56\/wp-json\/wp\/v2\/categories?post=379"},{"taxonomy":"post_tag","embeddable":true,"href":"https:\/\/edublog.educastur.es\/cpclarin56\/wp-json\/wp\/v2\/tags?post=379"}],"curies":[{"name":"wp","href":"https:\/\/api.w.org\/{rel}","templated":true}]}}