{"id":380,"date":"2017-09-26T05:39:00","date_gmt":"2017-09-26T05:39:00","guid":{"rendered":"https:\/\/edublog.educastur.es\/cpclarin56\/2017\/09\/26\/26-de-septiembre-dia-europeo-de-las-lenguas\/"},"modified":"2017-09-26T05:39:00","modified_gmt":"2017-09-26T05:39:00","slug":"26-de-septiembre-dia-europeo-de-las-lenguas","status":"publish","type":"post","link":"https:\/\/edublog.educastur.es\/cpclarin56\/2017\/09\/26\/26-de-septiembre-dia-europeo-de-las-lenguas\/","title":{"rendered":"26 de septiembre &#8211; D\u00eda Europeo de las Lenguas"},"content":{"rendered":"<div style=\"clear: both;text-align: center\"><a href=\"https:\/\/2.bp.blogspot.com\/-D5NlcW-UvTk\/WcnpTsewTdI\/AAAAAAAAG-M\/K9sJm0uDF6MPY_OskVcrgD3BQkBOu-RGACKgBGAs\/s1600\/sept%2B26%2Beuropeo%2Blenguas.png\" style=\"margin-left: 1em;margin-right: 1em\"><img loading=\"lazy\" decoding=\"async\" border=\"0\" data-original-height=\"1227\" data-original-width=\"1600\" height=\"306\" src=\"https:\/\/2.bp.blogspot.com\/-D5NlcW-UvTk\/WcnpTsewTdI\/AAAAAAAAG-M\/K9sJm0uDF6MPY_OskVcrgD3BQkBOu-RGACKgBGAs\/s400\/sept%2B26%2Beuropeo%2Blenguas.png\" width=\"400\" \/><\/a><\/div>\n<p>El 26 de septiembre se celebra el D\u00eda Europeo de las Lenguas, una iniciativa de la Comisi\u00f3n Europea y del Consejo de Europa nacida en el a\u00f1o 2001, en homenaje a la diversidad ling\u00fc\u00edstica de nuestro continente.<\/p>\n<p>Europa posee m\u00e1s de 200 lenguas propias; en los pa\u00edses de la Uni\u00f3n Europea (entre los que se encuentra Espa\u00f1a) se hablan m\u00e1s de 24 lenguas oficiales y unas 60 lenguas regionales o minoritarias (como nuestro asturiano o hable, por ejemplo); y siendo como es un continente poblado por numerosas personas procedentes de otras partes del mundo, tienen cabida muchas otras lenguas m\u00e1s. \u00a1Europa posee una gran riqueza ling\u00fc\u00edstica!<\/p>\n<div style=\"clear: both;text-align: center\"><a href=\"https:\/\/4.bp.blogspot.com\/-80UPV3xiXJ8\/Wck42YeBjhI\/AAAAAAAAG8g\/p5i3qxJOzLISZO6fcA6ChXER_OMDr-yGwCKgBGAs\/s1600\/26%2Bsept%2B-%2Bsabias%2Bque.png\" style=\"margin-left: 1em;margin-right: 1em\"><img loading=\"lazy\" decoding=\"async\" border=\"0\" data-original-height=\"544\" data-original-width=\"619\" height=\"351\" src=\"https:\/\/4.bp.blogspot.com\/-80UPV3xiXJ8\/Wck42YeBjhI\/AAAAAAAAG8g\/p5i3qxJOzLISZO6fcA6ChXER_OMDr-yGwCKgBGAs\/s400\/26%2Bsept%2B-%2Bsabias%2Bque.png\" width=\"400\" \/><\/a><\/div>\n<p><\/p>\n<h2>Visita&#8230;<\/h2>\n<div style=\"clear: both;text-align: center\"><\/div>\n<div style=\"clear: both;text-align: center\"><a href=\"http:\/\/edl.ecml.at\/Home\/tabid\/1455\/language\/es-ES\/Default.aspx\" target=\"_blank\" rel=\"noopener\"><img loading=\"lazy\" decoding=\"async\" border=\"0\" data-original-height=\"310\" data-original-width=\"1208\" height=\"101\" src=\"https:\/\/4.bp.blogspot.com\/-F5aFwUrmgZk\/Wck5W5Z8M7I\/AAAAAAAAG8s\/V9Zqdq1Xe_oXL1VYC1jxXSbcfZ0NSp9ngCKgBGAs\/s400\/26%2Bsept%2B-%2Bdia%2Beuropeo%2Blenguas%2Bweb%2Boficial.png\" width=\"400\" \/><\/a><\/div>\n<p><\/p>\n<h2>\u00bfTienes curiosidad por saber cosas sobre las lenguas del mundo?<\/h2>\n<p>Este mapa interactivo te permite conocer muchas curiosidades sobre las lenguas del mundo&#8230; \u00bfcu\u00e1ntas personas hablan una determinada lengua en cada pa\u00eds? \u00bfqu\u00e9 otras lenguas se hablan en el pa\u00eds elegido?, etc.<\/p>\n<p><\/p>\n<div style=\"clear: both;text-align: center\"><a href=\"https:\/\/www.ethnologue.com\/\" target=\"_blank\" rel=\"noopener\"><img loading=\"lazy\" decoding=\"async\" border=\"0\" data-original-height=\"410\" data-original-width=\"965\" height=\"168\" src=\"https:\/\/4.bp.blogspot.com\/-d_IbIq4qHLU\/Wck9cJ6zoJI\/AAAAAAAAG9E\/r4oQD0Ug-4MwAQXN_cqNg2QexXqVBoUrQCKgBGAs\/s400\/26%2Bsept%2B-%2Bethnologue.png\" width=\"400\" \/><\/a><\/div>\n<p>Un ejemplo&#8230; gracias a esta p\u00e1gina web sabemos que 200.000 personas hablan \u00e1rabe en Espa\u00f1a, 20.000 hablan chino o unas 1.000 personas hablan rumano.<\/p>\n","protected":false},"excerpt":{"rendered":"<p>El 26 de septiembre se celebra el D\u00eda Europeo de las Lenguas, una iniciativa de la Comisi\u00f3n Europea y del Consejo de Europa nacida en el a\u00f1o 2001, en homenaje a la diversidad ling\u00fc\u00edstica de nuestro continente. Europa posee m\u00e1s de 200 lenguas propias; en los pa\u00edses de la Uni\u00f3n Europea (entre los que se [&hellip;]<\/p>\n","protected":false},"author":43,"featured_media":0,"comment_status":"open","ping_status":"open","sticky":false,"template":"","format":"standard","meta":{"footnotes":""},"categories":[103],"tags":[],"class_list":["post-380","post","type-post","status-publish","format-standard","hentry","category-hoy-celebramos"],"_links":{"self":[{"href":"https:\/\/edublog.educastur.es\/cpclarin56\/wp-json\/wp\/v2\/posts\/380","targetHints":{"allow":["GET"]}}],"collection":[{"href":"https:\/\/edublog.educastur.es\/cpclarin56\/wp-json\/wp\/v2\/posts"}],"about":[{"href":"https:\/\/edublog.educastur.es\/cpclarin56\/wp-json\/wp\/v2\/types\/post"}],"author":[{"embeddable":true,"href":"https:\/\/edublog.educastur.es\/cpclarin56\/wp-json\/wp\/v2\/users\/43"}],"replies":[{"embeddable":true,"href":"https:\/\/edublog.educastur.es\/cpclarin56\/wp-json\/wp\/v2\/comments?post=380"}],"version-history":[{"count":0,"href":"https:\/\/edublog.educastur.es\/cpclarin56\/wp-json\/wp\/v2\/posts\/380\/revisions"}],"wp:attachment":[{"href":"https:\/\/edublog.educastur.es\/cpclarin56\/wp-json\/wp\/v2\/media?parent=380"}],"wp:term":[{"taxonomy":"category","embeddable":true,"href":"https:\/\/edublog.educastur.es\/cpclarin56\/wp-json\/wp\/v2\/categories?post=380"},{"taxonomy":"post_tag","embeddable":true,"href":"https:\/\/edublog.educastur.es\/cpclarin56\/wp-json\/wp\/v2\/tags?post=380"}],"curies":[{"name":"wp","href":"https:\/\/api.w.org\/{rel}","templated":true}]}}