{"id":387,"date":"2017-09-21T05:44:00","date_gmt":"2017-09-21T05:44:00","guid":{"rendered":"https:\/\/edublog.educastur.es\/cpclarin56\/2017\/09\/21\/la-situacion-de-europa-y-sus-limites\/"},"modified":"2017-09-21T05:44:00","modified_gmt":"2017-09-21T05:44:00","slug":"la-situacion-de-europa-y-sus-limites","status":"publish","type":"post","link":"https:\/\/edublog.educastur.es\/cpclarin56\/2017\/09\/21\/la-situacion-de-europa-y-sus-limites\/","title":{"rendered":"La situaci\u00f3n de Europa y sus l\u00edmites"},"content":{"rendered":"<p>El continente europeo est\u00e1 situado en el hemisferio Norte de nuestro planeta siendo el segundo continente m\u00e1s peque\u00f1o de la Tierra (Ocean\u00eda el m\u00e1s peque\u00f1o, Asia el mayor).<\/p>\n<div>\n<div style=\"clear: both;text-align: center\"><a href=\"https:\/\/3.bp.blogspot.com\/-pa7GWyDYtXQ\/WcLJmAE5IpI\/AAAAAAAAGyA\/OQIjnzVJwGEck3QMkYmRHO7qf8dTv9F2gCKgBGAs\/s1600\/mapa-hemisferio-norte.jpg.imgw.1280.1280.jpg\" style=\"margin-left: 1em;margin-right: 1em\"><img loading=\"lazy\" decoding=\"async\" border=\"0\" data-original-height=\"536\" data-original-width=\"1000\" height=\"340\" src=\"https:\/\/3.bp.blogspot.com\/-pa7GWyDYtXQ\/WcLJmAE5IpI\/AAAAAAAAGyA\/OQIjnzVJwGEck3QMkYmRHO7qf8dTv9F2gCKgBGAs\/s640\/mapa-hemisferio-norte.jpg.imgw.1280.1280.jpg\" width=\"640\" \/><\/a><\/div>\n<div><\/div>\n<\/div>\n<div>\n<h2>REPASAMOS&#8230;<\/h2>\n<ol>\n<li>La representaci\u00f3n de la Tierra &#8211; <a href=\"https:\/\/drive.google.com\/a\/cpclarin.com\/file\/d\/0BxqI9xsG4Xx5U1l4YUMzMW1rQVU\/view?usp=sharing\" target=\"_blank\" rel=\"noopener\">PDF<\/a><\/li>\n<li>La localizaci\u00f3n en un mapa &#8211; <a href=\"https:\/\/drive.google.com\/a\/cpclarin.com\/file\/d\/0BxqI9xsG4Xx5d3V1bV95bXdkczQ\/view?usp=sharing\" target=\"_blank\" rel=\"noopener\">PDF<\/a><\/li>\n<li>Las coordenadas geogr\u00e1ficas &#8211; <a href=\"https:\/\/drive.google.com\/a\/cpclarin.com\/file\/d\/0BxqI9xsG4Xx5emRhdnpHdTRnMHc\/view?usp=sharing\" target=\"_blank\" rel=\"noopener\">PDF<\/a><\/li>\n<\/ol>\n<h4>LOS L\u00cdMITES DE EUROPA<\/h4>\n<p>Europa limita al Este con los Montes Urales, el r\u00edo Ural y el Mar Caspio.<\/div>\n<div>Europa limita al Sur con la cordillera del C\u00e1ucaso, el mar Negro y el mar Mediterr\u00e1neo.<\/div>\n<div>Europa limita al Oeste con el Oc\u00e9ano Atl\u00e1ntico.<\/div>\n<div>Europa limita al Norte con el Oc\u00e9ano Glaciar \u00c1rtico.<\/div>\n<div><\/div>\n<div style=\"clear: both;text-align: center\"><a href=\"https:\/\/4.bp.blogspot.com\/-tVC2mycnXJY\/WcLNtr2iuWI\/AAAAAAAAGyc\/GqSEfE1UzJYdIBJqS4war9-JIpabYEFVQCKgBGAs\/s1600\/q8_contenidos_1a.png\" style=\"margin-left: 1em;margin-right: 1em\"><img loading=\"lazy\" decoding=\"async\" border=\"0\" data-original-height=\"1132\" data-original-width=\"1600\" height=\"451\" src=\"https:\/\/4.bp.blogspot.com\/-tVC2mycnXJY\/WcLNtr2iuWI\/AAAAAAAAGyc\/GqSEfE1UzJYdIBJqS4war9-JIpabYEFVQCKgBGAs\/s640\/q8_contenidos_1a.png\" width=\"640\" \/><\/a><\/div>\n<div>Su extensi\u00f3n es de 10.530.751 kil\u00f3metros cuadrados, representando el 2% de la superficie de la Tierra.<\/p>\n<\/div>\n<div>\n<h4>ACTIVIDAD<\/h4>\n<\/div>\n<div>Silueta del mapa de Europa &#8211; Para dibujar y completar con sus l\u00edmites:<\/div>\n<div><\/div>\n<div>\n<div style=\"clear: both;text-align: center\"><a href=\"https:\/\/1.bp.blogspot.com\/-AVRnTxnPeGE\/WcLTMNm55nI\/AAAAAAAAGy8\/0XHG8LDlf90cUW82rtiprnmVYmDYNOKQQCKgBGAs\/s1600\/silueta.png\" style=\"margin-left: 1em;margin-right: 1em\"><img loading=\"lazy\" decoding=\"async\" border=\"0\" data-original-height=\"893\" data-original-width=\"1300\" height=\"438\" src=\"https:\/\/1.bp.blogspot.com\/-AVRnTxnPeGE\/WcLTMNm55nI\/AAAAAAAAGy8\/0XHG8LDlf90cUW82rtiprnmVYmDYNOKQQCKgBGAs\/s640\/silueta.png\" width=\"640\" \/><\/a><\/div>\n<p><\/div>\n<p><span style=\"background-color: #bd081c;background-position: 3px 50%;background-size: 14px 14px;border: none;color: white;cursor: pointer;, sans-serif;font-size: 11px;font-style: normal;font-weight: bold;line-height: 20px;padding: 0px 4px 0px 0px;text-align: center;text-indent: 20px;width: auto\">Guardar<\/span><span style=\"background-color: #bd081c;background-position: 3px 50%;background-size: 14px 14px;border: none;color: white;cursor: pointer;, sans-serif;font-size: 11px;font-style: normal;font-weight: bold;line-height: 20px;padding: 0px 4px 0px 0px;text-align: center;text-indent: 20px;width: auto\">Guardar<\/span><\/p>\n","protected":false},"excerpt":{"rendered":"<p>El continente europeo est\u00e1 situado en el hemisferio Norte de nuestro planeta siendo el segundo continente m\u00e1s peque\u00f1o de la Tierra (Ocean\u00eda el m\u00e1s peque\u00f1o, Asia el mayor). REPASAMOS&#8230; La representaci\u00f3n de la Tierra &#8211; PDF La localizaci\u00f3n en un mapa &#8211; PDF Las coordenadas geogr\u00e1ficas &#8211; PDF LOS L\u00cdMITES DE EUROPA Europa limita al [&hellip;]<\/p>\n","protected":false},"author":43,"featured_media":0,"comment_status":"open","ping_status":"open","sticky":false,"template":"","format":"standard","meta":{"footnotes":""},"categories":[11,44,131],"tags":[],"class_list":["post-387","post","type-post","status-publish","format-standard","hentry","category-ciencias-sociales","category-conociendo-europa","category-el-relieve-de-europa"],"_links":{"self":[{"href":"https:\/\/edublog.educastur.es\/cpclarin56\/wp-json\/wp\/v2\/posts\/387","targetHints":{"allow":["GET"]}}],"collection":[{"href":"https:\/\/edublog.educastur.es\/cpclarin56\/wp-json\/wp\/v2\/posts"}],"about":[{"href":"https:\/\/edublog.educastur.es\/cpclarin56\/wp-json\/wp\/v2\/types\/post"}],"author":[{"embeddable":true,"href":"https:\/\/edublog.educastur.es\/cpclarin56\/wp-json\/wp\/v2\/users\/43"}],"replies":[{"embeddable":true,"href":"https:\/\/edublog.educastur.es\/cpclarin56\/wp-json\/wp\/v2\/comments?post=387"}],"version-history":[{"count":0,"href":"https:\/\/edublog.educastur.es\/cpclarin56\/wp-json\/wp\/v2\/posts\/387\/revisions"}],"wp:attachment":[{"href":"https:\/\/edublog.educastur.es\/cpclarin56\/wp-json\/wp\/v2\/media?parent=387"}],"wp:term":[{"taxonomy":"category","embeddable":true,"href":"https:\/\/edublog.educastur.es\/cpclarin56\/wp-json\/wp\/v2\/categories?post=387"},{"taxonomy":"post_tag","embeddable":true,"href":"https:\/\/edublog.educastur.es\/cpclarin56\/wp-json\/wp\/v2\/tags?post=387"}],"curies":[{"name":"wp","href":"https:\/\/api.w.org\/{rel}","templated":true}]}}