{"id":403,"date":"2017-09-11T05:40:00","date_gmt":"2017-09-11T05:40:00","guid":{"rendered":"https:\/\/edublog.educastur.es\/cpclarin56\/2017\/09\/11\/11-de-septiembre-dia-de-cataluna\/"},"modified":"2017-09-11T05:40:00","modified_gmt":"2017-09-11T05:40:00","slug":"11-de-septiembre-dia-de-cataluna","status":"publish","type":"post","link":"https:\/\/edublog.educastur.es\/cpclarin56\/2017\/09\/11\/11-de-septiembre-dia-de-cataluna\/","title":{"rendered":"11 de septiembre &#8211; D\u00eda de Catalu\u00f1a"},"content":{"rendered":"<h2>HOY CELEBRAMOS&#8230;<\/h2>\n<h3 style=\"text-align: center\">11 de septiembre &#8211; D\u00eda de Catalu\u00f1a<\/h3>\n<div style=\"clear: both;text-align: center\"><a href=\"https:\/\/4.bp.blogspot.com\/-V60taj9mKts\/WbWKuJawy-I\/AAAAAAAAGtA\/audKEL6Htb0lFCDlt_lt58DD296E-X71ACKgBGAs\/s1600\/11sept_dia_catalun%25CC%2583a.png\" style=\"margin-left: 1em;margin-right: 1em\"><img loading=\"lazy\" decoding=\"async\" border=\"0\" data-original-height=\"1272\" data-original-width=\"1600\" height=\"317\" src=\"https:\/\/4.bp.blogspot.com\/-V60taj9mKts\/WbWKuJawy-I\/AAAAAAAAGtA\/audKEL6Htb0lFCDlt_lt58DD296E-X71ACKgBGAs\/s400\/11sept_dia_catalun%25CC%2583a.png\" width=\"400\" \/><\/a><\/div>\n<p><span style=\"text-align: left\">Cada once de septiembre, Catalu\u00f1a celebra la fiesta de su comunidad. En catal\u00e1n esta fiesta se conoce como la D\u00edada de l&#8217;onze de Setembre. Este d\u00eda los catalanes festejan sus tradiciones, hacen ofrendas florales y disfrutan del d\u00eda libre.<\/span><\/p>\n<table align=\"center\" cellpadding=\"0\" cellspacing=\"0\" style=\"margin-left: auto;margin-right: auto;text-align: center\">\n<tbody>\n<tr>\n<td style=\"text-align: center\"><a href=\"https:\/\/4.bp.blogspot.com\/-K7IfOaoA6jw\/WbLwB1JIP5I\/AAAAAAAAGo0\/-goiMJ8S8B4d-TrWAh2wcX_3tq_XHbqcQCKgBGAs\/s1600\/11setp_catalun%25CC%2583a_mapa.png\" style=\"margin-left: auto;margin-right: auto\"><img loading=\"lazy\" decoding=\"async\" border=\"0\" data-original-height=\"493\" data-original-width=\"499\" height=\"315\" src=\"https:\/\/4.bp.blogspot.com\/-K7IfOaoA6jw\/WbLwB1JIP5I\/AAAAAAAAGo0\/-goiMJ8S8B4d-TrWAh2wcX_3tq_XHbqcQCKgBGAs\/s320\/11setp_catalun%25CC%2583a_mapa.png\" width=\"320\" \/><\/a><\/td>\n<\/tr>\n<tr>\n<td style=\"text-align: center\">Mapa de Catalu\u00f1a con sus provincias y l\u00edmites<\/td>\n<\/tr>\n<\/tbody>\n<\/table>\n<table align=\"center\" cellpadding=\"0\" cellspacing=\"0\" style=\"margin-left: auto;margin-right: auto;text-align: center\">\n<tbody>\n<tr>\n<td style=\"text-align: center\"><a href=\"https:\/\/2.bp.blogspot.com\/-TW7yNm0Lfgc\/WbLxL64FwWI\/AAAAAAAAGpI\/Xhm71b-4knkMpjgRsXJqyFY8HAj5uhafwCKgBGAs\/s1600\/11sept_catalun%25CC%2583a_bandera.gif\" style=\"margin-left: auto;margin-right: auto\"><img loading=\"lazy\" decoding=\"async\" border=\"0\" data-original-height=\"333\" data-original-width=\"500\" height=\"213\" src=\"https:\/\/2.bp.blogspot.com\/-TW7yNm0Lfgc\/WbLxL64FwWI\/AAAAAAAAGpI\/Xhm71b-4knkMpjgRsXJqyFY8HAj5uhafwCKgBGAs\/s320\/11sept_catalun%25CC%2583a_bandera.gif\" width=\"320\" \/><\/a><\/td>\n<\/tr>\n<tr>\n<td style=\"text-align: center\">Bandera de Catalu\u00f1a<\/td>\n<\/tr>\n<\/tbody>\n<\/table>\n<h2>Un cachito de historia<\/h2>\n<p>Hist\u00f3ricamente, esta fecha se corresponde con la capitulaci\u00f3n de Barcelona ante las tropas borb\u00f3nicas en 1714.<br \/>Te lo explicamos un poco con palabras sencillas. A comienzos del siglo XVIII en Espa\u00f1a ten\u00eda lugar la Guerra de Sucesi\u00f3n (1700 &#8211; 1714). Esta guerra dividi\u00f3 en dos bandos a los espa\u00f1oles: los partidarios del archiduque Carlos de Austria y los partidarios del rey Felipe V, de la dinast\u00eda de Borb\u00f3n.<\/p>\n<p>\u00bfY cu\u00e1l fue el motivo de esta divisi\u00f3n? En 1700 mor\u00eda el rey de Espa\u00f1a Carlos II sin descendencia. En su testamento establec\u00eda como heredero del trono a Felipe, lo cual supon\u00eda la ruptura con dos siglos de reinados de la Casa de Austria en Espa\u00f1a y la instauraci\u00f3n de los reinados de la Casa de Borb\u00f3n, que llegan hasta nuestros d\u00edas (nuestro actual rey es Felipe VI de Borb\u00f3n). La Corona de Arag\u00f3n escog\u00eda al austriaco, y lo coronaba como Carlos III de Espa\u00f1a en Barcelona en febrero de 1706. Este 11 de septiembre de 1714 las tropas catalanas fueron derrotadas por el ej\u00e9rcito del rey Felipe V.<\/p>\n<h2>La guerra de sucesi\u00f3n espa\u00f1ola<\/h2>\n<div style=\"clear: both;text-align: left\">Animaci\u00f3n que cuenta de una manera muy sencilla, casi como un cuento, que ocurri\u00f3 durante estos a\u00f1os.<\/div>\n<p><\/p>\n<div style=\"clear: both;text-align: center\"><\/div>\n<p><\/p>\n<h2>\u00bfQu\u00e9 supone esta fecha en el momento actual?&nbsp;<\/h2>\n<p>Seguramente estos d\u00edas est\u00e1s escuchando conversaciones en tu familia sobre \u00abcuestiones catalanas\u00bb, aparecen numerosas im\u00e1genes en televisi\u00f3n o m\u00faltiples art\u00edculos en la prensa. Aquellas personas partidarias de la independencia de Catalu\u00f1a celebran tradicionalmente la Diada para mostrar que aquel d\u00eda perdieron su identidad. Ahora bien, resulta curioso se\u00f1alar desde el punto de vista hist\u00f3rico que en realidad esa \u00ablucha\u00bb no ten\u00eda mucho que ver con esa supuesta independencia de Catalu\u00f1a sino con la lucha catalana por la defensa de Espa\u00f1a.<\/p>\n<div style=\"clear: both;text-align: center\"><a href=\"https:\/\/2.bp.blogspot.com\/-hrb5mJA-Td4\/WbLxnU2IXaI\/AAAAAAAAGpU\/TEzleHKhJqQt9KOyHI8J_u1bkl9oOh8KwCKgBGAs\/s1600\/11sept_catalun%25CC%2583a_diada.jpg\" style=\"margin-left: 1em;margin-right: 1em\"><img loading=\"lazy\" decoding=\"async\" border=\"0\" data-original-height=\"426\" data-original-width=\"660\" height=\"257\" src=\"https:\/\/2.bp.blogspot.com\/-hrb5mJA-Td4\/WbLxnU2IXaI\/AAAAAAAAGpU\/TEzleHKhJqQt9KOyHI8J_u1bkl9oOh8KwCKgBGAs\/s400\/11sept_catalun%25CC%2583a_diada.jpg\" width=\"400\" \/><\/a><\/div>\n<p>Observa la fotograf\u00eda anterior. \u00bfTe has fijado en las banderas? Esa bandera con la estrella es la bandera que portan los independentistas catalanes, no es la bandera constitucional de Catalu\u00f1a.<\/p>\n","protected":false},"excerpt":{"rendered":"<p>HOY CELEBRAMOS&#8230; 11 de septiembre &#8211; D\u00eda de Catalu\u00f1a Cada once de septiembre, Catalu\u00f1a celebra la fiesta de su comunidad. En catal\u00e1n esta fiesta se conoce como la D\u00edada de l&#8217;onze de Setembre. Este d\u00eda los catalanes festejan sus tradiciones, hacen ofrendas florales y disfrutan del d\u00eda libre. Mapa de Catalu\u00f1a con sus provincias y [&hellip;]<\/p>\n","protected":false},"author":43,"featured_media":0,"comment_status":"open","ping_status":"open","sticky":false,"template":"","format":"standard","meta":{"footnotes":""},"categories":[103],"tags":[],"class_list":["post-403","post","type-post","status-publish","format-standard","hentry","category-hoy-celebramos"],"_links":{"self":[{"href":"https:\/\/edublog.educastur.es\/cpclarin56\/wp-json\/wp\/v2\/posts\/403","targetHints":{"allow":["GET"]}}],"collection":[{"href":"https:\/\/edublog.educastur.es\/cpclarin56\/wp-json\/wp\/v2\/posts"}],"about":[{"href":"https:\/\/edublog.educastur.es\/cpclarin56\/wp-json\/wp\/v2\/types\/post"}],"author":[{"embeddable":true,"href":"https:\/\/edublog.educastur.es\/cpclarin56\/wp-json\/wp\/v2\/users\/43"}],"replies":[{"embeddable":true,"href":"https:\/\/edublog.educastur.es\/cpclarin56\/wp-json\/wp\/v2\/comments?post=403"}],"version-history":[{"count":0,"href":"https:\/\/edublog.educastur.es\/cpclarin56\/wp-json\/wp\/v2\/posts\/403\/revisions"}],"wp:attachment":[{"href":"https:\/\/edublog.educastur.es\/cpclarin56\/wp-json\/wp\/v2\/media?parent=403"}],"wp:term":[{"taxonomy":"category","embeddable":true,"href":"https:\/\/edublog.educastur.es\/cpclarin56\/wp-json\/wp\/v2\/categories?post=403"},{"taxonomy":"post_tag","embeddable":true,"href":"https:\/\/edublog.educastur.es\/cpclarin56\/wp-json\/wp\/v2\/tags?post=403"}],"curies":[{"name":"wp","href":"https:\/\/api.w.org\/{rel}","templated":true}]}}