{"id":404,"date":"2017-09-10T10:25:00","date_gmt":"2017-09-10T10:25:00","guid":{"rendered":"https:\/\/edublog.educastur.es\/cpclarin56\/2017\/09\/10\/proyecto-hoy-celebramos\/"},"modified":"2017-09-10T10:25:00","modified_gmt":"2017-09-10T10:25:00","slug":"proyecto-hoy-celebramos","status":"publish","type":"post","link":"https:\/\/edublog.educastur.es\/cpclarin56\/2017\/09\/10\/proyecto-hoy-celebramos\/","title":{"rendered":"Proyecto &#8211; Hoy celebramos&#8230;"},"content":{"rendered":"<p>Este es un proyecto <b><u>de car\u00e1cter anual <\/u><\/b>cuyo objetivo \u00faltimo es el trabajo y fomento de la educaci\u00f3n en valores, muy adecuado para el desarrollo de la asignatura Valores c\u00edvicos y sociales y para alcanzar una gran parte de los objetivos y est\u00e1ndares de aprendizaje relacionados con la comunicaci\u00f3n oral y escrita en otras \u00e1reas.<br \/>El respeto por las diferencias individuales o culturales, el respeto y cuidado de la naturaleza, el trabajo de h\u00e1bitos personales y escolares, la tolerancia y el respeto hacia los compa\u00f1eros y los que no son como yo, el trabajo en equipo, los h\u00e1bitos de salud y de alimentaci\u00f3n, &nbsp;los h\u00e1bitos sociales, etc. son abordados as\u00ed en tareas y actividades integradas.<\/p>\n<div style=\"clear: both;text-align: center\"><a href=\"https:\/\/1.bp.blogspot.com\/-gHI0Gl-lZ6o\/WbJK50AqDjI\/AAAAAAAAGjc\/gmqro6QOHU8RCPg97Myd50ZtuMs69fnzwCKgBGAs\/s1600\/if_Dancing-minion-icon_173991.png\" style=\"clear: left;float: left;margin-bottom: 1em;margin-right: 1em\"><img decoding=\"async\" border=\"0\" data-original-height=\"128\" data-original-width=\"128\" src=\"https:\/\/1.bp.blogspot.com\/-gHI0Gl-lZ6o\/WbJK50AqDjI\/AAAAAAAAGjc\/gmqro6QOHU8RCPg97Myd50ZtuMs69fnzwCKgBGAs\/s1600\/if_Dancing-minion-icon_173991.png\" \/><\/a><\/div>\n<p>Utilizamos un calendario anual en el que se van seleccionando algunos d\u00edas que se consideran especialmente significativos a lo largo del curso escolar, aquellos que nos recuerdan fechas importantes, como las celebraciones del D\u00eda de cada una de nuestras Comunidades Aut\u00f3nomas, d\u00edas conmemorativos internacionales establecidas por la UNESCO o celebraciones europeas y tambi\u00e9n otras fechas significativas para los propios alumnos y alumnas como pueden ser sus cumplea\u00f1os, algunos d\u00edas relevantes en el centro, etc.<\/p>\n<h2>MATERIALES NECESARIOS<\/h2>\n<ol>\n<li>Un tabl\u00f3n de corcho, material existente habitualmente en las aulas.<\/li>\n<li>El calendario mensual: te ofreceremos modelos a lo largo del curso escolar.<\/li>\n<li>El mural de los encargados: el encargado de la fecha es tambi\u00e9n el encargado de \u00abla decoraci\u00f3n\u00bb de esta secci\u00f3n de clase.<\/li>\n<li>Cartel &#8211; Hoy celebramos&#8230; realizado en cartulina, papel plastificado o goma Eva, seg\u00fan las posibilidades.&nbsp;<\/li>\n<li>L\u00e1minas alusivas a las distintas celebraciones. Podr\u00e1s acceder a ellas en las distintas entradas que vayamos creando en este mismo espacio.<\/li>\n<li>El blog de aula. Fundamental, te animamos a crees el tuyo propio o utilices el del centro. Nos servir\u00e1 para recopilar recursos educativos, materiales multimedia, presentaciones, actividades, documentos de texto, etc.<\/li>\n<\/ol>\n<div>\n<h2>DESARROLLO DEL PROYECTO<\/h2>\n<\/div>\n<p>Cada d\u00eda relevante seleccionado se refleja en una l\u00e1mina que se coloca junto al cartel <b>Hoy celebramos&#8230; <\/b>y pr\u00f3ximo al calendario del aula.<\/p>\n<p>En el aula disponemos de alumnos encargados o responsables, uno de los cuales es el que escribe la fecha en la pizarra al principio de la jornada (en espa\u00f1ol y en ingl\u00e9s, \u00a1que somos biling\u00fces!). Este ser\u00e1 tambi\u00e9n el encargado de comprobar si este d\u00eda debe colocar o no una l\u00e1mina del proyecto \u00abHoy celebramos\u00bb.<\/p>\n<p>En el caso de que sea as\u00ed, dedicamos unos minutos a hablar sobre el significado de la fecha que se celebra, el motivo por el cual se ha establecido dicha celebraci\u00f3n, las implicaciones que este d\u00eda tiene en nuestra vida y en la de otros ni\u00f1os y ni\u00f1as&#8230;<\/p>\n<p>Y en el blog de aula, para el acceso desde nuestra PDI, o bien libremente desde casa, se incluyen recursos variados sobre la festividad en cuesti\u00f3n: puede ser un v\u00eddeo de YouTube, una aplicaci\u00f3n interactiva, im\u00e1genes o ilustraciones, un recorte de prensa, un art\u00edculo de una revista, un libro de im\u00e1genes, una novela, etc.<\/p>\n<p>Y, por \u00faltimo, no podemos dejar de rese\u00f1ar que algunos de estos d\u00edas relevantes tienen tambi\u00e9n reflejo en la actividad de todo el Centro. En este caso dedicamos m\u00e1s jornadas a su celebraci\u00f3n o realizamos actividades colectivas en coordinaci\u00f3n con el resto de alumnos y alumnas del centro. As\u00ed, por ejemplo, la celebraci\u00f3n del Mag\u00fcestu, Navidad, el D\u00eda de la Paz o el D\u00eda del Libro.<\/p>\n<div style=\"clear: both;text-align: left\"><\/div>\n<div style=\"clear: both;text-align: left\"><\/div>\n","protected":false},"excerpt":{"rendered":"<p>Este es un proyecto de car\u00e1cter anual cuyo objetivo \u00faltimo es el trabajo y fomento de la educaci\u00f3n en valores, muy adecuado para el desarrollo de la asignatura Valores c\u00edvicos y sociales y para alcanzar una gran parte de los objetivos y est\u00e1ndares de aprendizaje relacionados con la comunicaci\u00f3n oral y escrita en otras \u00e1reas.El [&hellip;]<\/p>\n","protected":false},"author":43,"featured_media":0,"comment_status":"open","ping_status":"open","sticky":false,"template":"","format":"standard","meta":{"footnotes":""},"categories":[129,103],"tags":[],"class_list":["post-404","post","type-post","status-publish","format-standard","hentry","category-aprendizaje-basado-en-proyectos-abp","category-hoy-celebramos"],"_links":{"self":[{"href":"https:\/\/edublog.educastur.es\/cpclarin56\/wp-json\/wp\/v2\/posts\/404","targetHints":{"allow":["GET"]}}],"collection":[{"href":"https:\/\/edublog.educastur.es\/cpclarin56\/wp-json\/wp\/v2\/posts"}],"about":[{"href":"https:\/\/edublog.educastur.es\/cpclarin56\/wp-json\/wp\/v2\/types\/post"}],"author":[{"embeddable":true,"href":"https:\/\/edublog.educastur.es\/cpclarin56\/wp-json\/wp\/v2\/users\/43"}],"replies":[{"embeddable":true,"href":"https:\/\/edublog.educastur.es\/cpclarin56\/wp-json\/wp\/v2\/comments?post=404"}],"version-history":[{"count":0,"href":"https:\/\/edublog.educastur.es\/cpclarin56\/wp-json\/wp\/v2\/posts\/404\/revisions"}],"wp:attachment":[{"href":"https:\/\/edublog.educastur.es\/cpclarin56\/wp-json\/wp\/v2\/media?parent=404"}],"wp:term":[{"taxonomy":"category","embeddable":true,"href":"https:\/\/edublog.educastur.es\/cpclarin56\/wp-json\/wp\/v2\/categories?post=404"},{"taxonomy":"post_tag","embeddable":true,"href":"https:\/\/edublog.educastur.es\/cpclarin56\/wp-json\/wp\/v2\/tags?post=404"}],"curies":[{"name":"wp","href":"https:\/\/api.w.org\/{rel}","templated":true}]}}