{"id":409,"date":"2017-09-01T07:30:00","date_gmt":"2017-09-01T07:30:00","guid":{"rendered":"https:\/\/edublog.educastur.es\/cpclarin56\/2017\/09\/01\/comenzamos\/"},"modified":"2017-09-01T07:30:00","modified_gmt":"2017-09-01T07:30:00","slug":"comenzamos","status":"publish","type":"post","link":"https:\/\/edublog.educastur.es\/cpclarin56\/2017\/09\/01\/comenzamos\/","title":{"rendered":"\u00a1Comenzamos!"},"content":{"rendered":"<div style=\"text-align: center\"><a href=\"https:\/\/4.bp.blogspot.com\/-Lyfercugla4\/WaGJBQ9ZHnI\/AAAAAAAAGgA\/6rPIeW2peacfLu-Mua0Tw3zJgsOWtx_xACLcBGAs\/s1600\/BANNER%2B-%2BVUELTA%2BAL%2BCOLE.png\"><img decoding=\"async\" border=\"0\" data-original-height=\"173\" data-original-width=\"441\" src=\"https:\/\/4.bp.blogspot.com\/-Lyfercugla4\/WaGJBQ9ZHnI\/AAAAAAAAGgA\/6rPIeW2peacfLu-Mua0Tw3zJgsOWtx_xACLcBGAs\/s1600\/BANNER%2B-%2BVUELTA%2BAL%2BCOLE.png\" \/><\/a><\/div>\n<p>Queridos alumnos y alumnas, queridas familias.<br \/>Empezamos&#8230; A\u00fan no se han terminado las vacaciones para vosotros y nosotros ya nos ponemos en camino. Es nuestra primera toma de contacto: nuevos compa\u00f1eros y nuevo Equipo Directivo (les deseamos mucha suerte y todo nuestro apoyo para este curso que ahora comienza). Ahora son momentos de preparaci\u00f3n del inicio del curso, de organizaci\u00f3n de aulas y del material, de programaci\u00f3n&#8230; Pronto nos veremos de nuevo: os recordamos que las clases dar\u00e1n comienzo el pr\u00f3ximo lunes 11 de septiembre. \u00a1A seguir disfrutando!<\/p>\n<div style=\"clear: both;text-align: center\"><\/div>\n<p><\/p>\n","protected":false},"excerpt":{"rendered":"<p>Queridos alumnos y alumnas, queridas familias.Empezamos&#8230; A\u00fan no se han terminado las vacaciones para vosotros y nosotros ya nos ponemos en camino. Es nuestra primera toma de contacto: nuevos compa\u00f1eros y nuevo Equipo Directivo (les deseamos mucha suerte y todo nuestro apoyo para este curso que ahora comienza). Ahora son momentos de preparaci\u00f3n del inicio [&hellip;]<\/p>\n","protected":false},"author":43,"featured_media":0,"comment_status":"open","ping_status":"open","sticky":false,"template":"","format":"standard","meta":{"footnotes":""},"categories":[137,104,84],"tags":[],"class_list":["post-409","post","type-post","status-publish","format-standard","hentry","category-bienvenida","category-inicio-de-curso","category-organizacion-del-aula"],"_links":{"self":[{"href":"https:\/\/edublog.educastur.es\/cpclarin56\/wp-json\/wp\/v2\/posts\/409","targetHints":{"allow":["GET"]}}],"collection":[{"href":"https:\/\/edublog.educastur.es\/cpclarin56\/wp-json\/wp\/v2\/posts"}],"about":[{"href":"https:\/\/edublog.educastur.es\/cpclarin56\/wp-json\/wp\/v2\/types\/post"}],"author":[{"embeddable":true,"href":"https:\/\/edublog.educastur.es\/cpclarin56\/wp-json\/wp\/v2\/users\/43"}],"replies":[{"embeddable":true,"href":"https:\/\/edublog.educastur.es\/cpclarin56\/wp-json\/wp\/v2\/comments?post=409"}],"version-history":[{"count":0,"href":"https:\/\/edublog.educastur.es\/cpclarin56\/wp-json\/wp\/v2\/posts\/409\/revisions"}],"wp:attachment":[{"href":"https:\/\/edublog.educastur.es\/cpclarin56\/wp-json\/wp\/v2\/media?parent=409"}],"wp:term":[{"taxonomy":"category","embeddable":true,"href":"https:\/\/edublog.educastur.es\/cpclarin56\/wp-json\/wp\/v2\/categories?post=409"},{"taxonomy":"post_tag","embeddable":true,"href":"https:\/\/edublog.educastur.es\/cpclarin56\/wp-json\/wp\/v2\/tags?post=409"}],"curies":[{"name":"wp","href":"https:\/\/api.w.org\/{rel}","templated":true}]}}