{"id":475,"date":"2016-09-28T15:57:00","date_gmt":"2016-09-28T15:57:00","guid":{"rendered":"https:\/\/edublog.educastur.es\/cpclarin56\/2016\/09\/28\/corto-la-flor-mas-grande-del-mundo\/"},"modified":"2016-09-28T15:57:00","modified_gmt":"2016-09-28T15:57:00","slug":"corto-la-flor-mas-grande-del-mundo","status":"publish","type":"post","link":"https:\/\/edublog.educastur.es\/cpclarin56\/2016\/09\/28\/corto-la-flor-mas-grande-del-mundo\/","title":{"rendered":"Corto &#8211; La flor m\u00e1s grande del mundo"},"content":{"rendered":"<p><a href=\"https:\/\/4.bp.blogspot.com\/-A0pucAM6220\/WBN0-lR0MhI\/AAAAAAAAFmM\/bNYosckFbnsNdv91Bab66CtNkYA-s0jGACPcB\/s1600\/Flor_Grande_003.jpg\" style=\"clear: left;float: left;margin-bottom: 1em;margin-right: 1em\"><img loading=\"lazy\" decoding=\"async\" border=\"0\" height=\"320\" src=\"https:\/\/4.bp.blogspot.com\/-A0pucAM6220\/WBN0-lR0MhI\/AAAAAAAAFmM\/bNYosckFbnsNdv91Bab66CtNkYA-s0jGACPcB\/s320\/Flor_Grande_003.jpg\" width=\"226\" \/><\/a>Un cuento escrito por Jos\u00e9 Saramago, premio Nobel de Literatura, 1998. Un ni\u00f1o crece un un mundo roto por el individualismo, la desesperanza y la falta de ideas, en el que prevalece el ego\u00edsmo, la falta de solidaridad o de amor a la vida.<br \/>El ni\u00f1o buscar\u00e1 y encontrar\u00e1 los valores esenciales que le ayudar\u00e1n a dar sentido a su vida: la amistad, la colaboraci\u00f3n, la ayuda mutua, el altruismo, el amor por la Naturaleza, el amor familiar&#8230;<br \/>Con la m\u00fasica de Emilio Arag\u00f3n de fondo, el corto nos habla de las cosas peque\u00f1as, y de la importancia de todo lo que nos rodea, que por muy peque\u00f1o que sea, se convertir\u00e1 siempre en algo grande e inmenso. Nos ayudar\u00e1 a reflexionar sobre la propia infancia y la naturaleza humana y nos mostrar\u00e1 el valor del descubrimiento y de la valent\u00eda.<\/p>\n<p>As\u00ed comienza, narrado por el propio escritor&#8230;<\/p>\n<p>\u00abLas historias para ni\u00f1os deben escribirse con palabras muy sencillas, porque los ni\u00f1os, al ser peque\u00f1os, saben muy pocas palabras y no las quieren muy complicadas\u00bb.<\/p>\n<div style=\"clear: both;text-align: center\"><\/div>\n<p><\/p>\n<h4>Texto del cuento:<\/h4>\n<p>Me gustar\u00eda saber escribir esas historias, pero nunca he sido capaz de aprender, y eso me da mucha pena. Porque, adem\u00e1s de saber elegir las palabras, es necesario tener habilidad para contar de una manera muy clara y muy explicada, y una paciencia muy grande.<br \/>A m\u00ed me falta por lo menos la paciencia, por lo que pido perd\u00f3n.  Si yo tuviera esas cualidades, podr\u00eda contar con todo detalle una historia preciosa que un d\u00eda me invent\u00e9, y que, as\u00ed como vais a leerla, no es m\u00e1s que un resumen que se dice en dos palabras\u2026<br \/>Se me tendr\u00e1 que perdonar la vanidad de haber pensado que mi historia era la m\u00e1s bonita de todas las que se han escrito desde los tiempos de los cuentos de hadas y princesas encantadas\u2026<br \/>\u00a1Hace ya tanto tiempo de eso!<br \/>En el cuento que quise escribir, pero que no escrib\u00ed, hay una aldea. (Ahora comienzan a aparecer algunas palabras dif\u00edciles, pero quien no las sepa, que consulte en un diccionario o que le pregunte al profesor.)  Que no se preocupen los que no conciben historias fuera de las ciudades, ni siquiera las infantiles: a mi ni\u00f1o h\u00e9roe sus aventuras le esperan fuera del tranquilo lugar donde viven los padres, supongo que tambi\u00e9n una hermana, tal vez alg\u00fan abuelo, y una parentela confusa de la que no hay noticia.<br \/>Nada m\u00e1s empezar la primera p\u00e1gina, sale el ni\u00f1o por el fondo del huerto y, de \u00e1rbol en \u00e1rbol, como un jilguero, baja hasta el r\u00edo y luego sigue su curso, entretenido en aquel perezoso juego que el tiempo alto, ancho y profundo de la infancia a todos nos ha permitido\u2026  Hasta que de pronto lleg\u00f3 al l\u00edmite del campo que se atrev\u00eda a recorrer solo.<br \/>Desde all\u00ed en adelante comenzaba el planeta Marte, efecto literario del que el ni\u00f1o no tiene responsabilidad, pero que la libertad del autor considera conveniente para redondear la frase. Desde all\u00ed en adelante, para nuestro ni\u00f1o, hay s\u00f3lo una pregunta sin literatura: \u201c\u00bfVoy o no voy?\u201d Y fue.<br \/>El r\u00edo se desviaba mucho, se apartaba, y del r\u00edo ya estaba un poco harto porque desde que naci\u00f3 siempre lo estaba viendo.<br \/>Decidi\u00f3 entonces cortar campo a trav\u00e9s, entre extensos olivares, unas veces caminando junto a misteriosos setos vivos cubiertos de campanillas blancas, y otras adentr\u00e1ndose en bosques de altos fresnos donde hab\u00eda claros tranquilos sin rastro de personas o animales, y alrededor un silencio que zumbaba, y tambi\u00e9n un calor vegetal, un olor de tallo fresco sangrado como una vena blanca y verde.&nbsp; <br \/>\u00a1Oh, qu\u00e9 feliz iba el ni\u00f1o!<br \/>Anduvo, anduvo, hasta que los \u00e1rboles empezaron a escasear y era ya un erial, una tierra de rastrojos bajos y secos, y en medio una inh\u00f3spita colina redonda como una taza boca abajo.  Se tom\u00f3 el ni\u00f1o el trabajo de subir la ladera, y cuando lleg\u00f3 a la cima, \u00bfqu\u00e9 vio? Ni la suerte ni la muerte, ni las tablas del destino\u2026<br \/>Era s\u00f3lo una flor. Pero tan deca\u00edda, tan marchita, que el ni\u00f1o se le acerc\u00f3, pese al cansancio.<br \/>Y como este ni\u00f1o es especial, como es un ni\u00f1o de cuento, pens\u00f3 que ten\u00eda que salvar la flor.<br \/>Pero \u00bfqu\u00e9 hacemos con el agua? All\u00ed, en lo alto, ni una gota. Abajo, s\u00f3lo en el r\u00edo, y \u00a1estaba tan lejos!\u2026  No importa.<\/p>\n<div style=\"text-align: center\">Baja el ni\u00f1o la monta\u00f1a,&nbsp;<\/div>\n<div style=\"text-align: center\">Atraviesa el mundo todo,&nbsp;<\/div>\n<div style=\"text-align: center\">Llega al gran r\u00edo Nilo,&nbsp;<\/div>\n<div style=\"text-align: center\">En el hueco de las manos recoge&nbsp;<\/div>\n<div style=\"text-align: center\">Cuanta agua le cab\u00eda.&nbsp;<\/div>\n<div style=\"text-align: center\">Vuelve a atravesar el mundo&nbsp;<\/div>\n<div style=\"text-align: center\">Por la pendiente se arrastra,&nbsp;<\/div>\n<div style=\"text-align: center\">Tres gotas que llegaron,&nbsp;<\/div>\n<div style=\"text-align: center\">Se las bebi\u00f3 la flor sedienta.&nbsp;<\/div>\n<div style=\"text-align: center\">Veinte veces de aqu\u00ed all\u00ed,&nbsp;<\/div>\n<div style=\"text-align: center\">Cien mil viajes a la Luna,&nbsp;<\/div>\n<div style=\"text-align: center\">La sangre en los pies descalzos,&nbsp;<\/div>\n<div style=\"text-align: center\">Pero la flor erguida&nbsp;<\/div>\n<div style=\"text-align: center\">Ya daba perfume al aire,&nbsp;<\/div>\n<div style=\"text-align: center\">Y como si fuese un roble&nbsp;<\/div>\n<div style=\"text-align: center\">Pon\u00eda sombra en el suelo.&nbsp;<\/div>\n<div style=\"text-align: center\">El ni\u00f1o se durmi\u00f3 debajo de la flor.&nbsp;<\/div>\n<p>Pasaron horas, y los padres, como suele suceder en estos casos, comenzaron a sentirse muy angustiados. Sali\u00f3 toda la familia y los vecinos a la b\u00fasqueda del ni\u00f1o perdido. Y no lo encontraron.  Lo recorrieron todo, desatados en l\u00e1grimas, y era casi la puesta de sol cuando levantaron los ojos y vieron a lo lejos una flor enorme que nadie recordaba que estuviera all\u00ed.<br \/>&nbsp;Fueron todos corriendo, subieron la colina y se encontraron con el ni\u00f1o que dorm\u00eda. Sobre \u00e9l, resguard\u00e1ndolo del fresco de la tarde, se extend\u00eda un gran p\u00e9talo perfumado, con todos los colores del arco iris.<br \/>A este ni\u00f1o lo llevaron a casa, rodeado de todo el respeto, como obra de milagro. Cuando luego pasaba por las calles, las personas dec\u00edan que hab\u00eda salido de casa para hacer una cosa que era mucho mayor que su tama\u00f1o y que todos los tama\u00f1os.<br \/>Y \u00e9sa es la moraleja de la historia.<br \/>\u00c9ste era el cuento que yo quer\u00eda contar.<br \/>Me da mucha pena no saber narrar historias para ni\u00f1os. Pero por lo menos ya conoc\u00e9is c\u00f3mo ser\u00eda la historia, y podr\u00e9is explicarla de otra manera, con palabras m\u00e1s sencillas que las m\u00edas, y tal vez m\u00e1s adelante acab\u00e9is sabiendo escribir historias para los ni\u00f1os\u2026<br \/>\u00bfQui\u00e9n me dice que un d\u00eda no leer\u00e9 otra vez esta historia, escrita por ti que me lees, pero mucho m\u00e1s bonita?\u2026<\/p>\n","protected":false},"excerpt":{"rendered":"<p>Un cuento escrito por Jos\u00e9 Saramago, premio Nobel de Literatura, 1998. Un ni\u00f1o crece un un mundo roto por el individualismo, la desesperanza y la falta de ideas, en el que prevalece el ego\u00edsmo, la falta de solidaridad o de amor a la vida.El ni\u00f1o buscar\u00e1 y encontrar\u00e1 los valores esenciales que le ayudar\u00e1n a [&hellip;]<\/p>\n","protected":false},"author":43,"featured_media":0,"comment_status":"open","ping_status":"open","sticky":false,"template":"","format":"standard","meta":{"footnotes":""},"categories":[49,143,48,21],"tags":[],"class_list":["post-475","post","type-post","status-publish","format-standard","hentry","category-diviertete","category-cortos-y-documentales","category-mira","category-valores"],"_links":{"self":[{"href":"https:\/\/edublog.educastur.es\/cpclarin56\/wp-json\/wp\/v2\/posts\/475","targetHints":{"allow":["GET"]}}],"collection":[{"href":"https:\/\/edublog.educastur.es\/cpclarin56\/wp-json\/wp\/v2\/posts"}],"about":[{"href":"https:\/\/edublog.educastur.es\/cpclarin56\/wp-json\/wp\/v2\/types\/post"}],"author":[{"embeddable":true,"href":"https:\/\/edublog.educastur.es\/cpclarin56\/wp-json\/wp\/v2\/users\/43"}],"replies":[{"embeddable":true,"href":"https:\/\/edublog.educastur.es\/cpclarin56\/wp-json\/wp\/v2\/comments?post=475"}],"version-history":[{"count":0,"href":"https:\/\/edublog.educastur.es\/cpclarin56\/wp-json\/wp\/v2\/posts\/475\/revisions"}],"wp:attachment":[{"href":"https:\/\/edublog.educastur.es\/cpclarin56\/wp-json\/wp\/v2\/media?parent=475"}],"wp:term":[{"taxonomy":"category","embeddable":true,"href":"https:\/\/edublog.educastur.es\/cpclarin56\/wp-json\/wp\/v2\/categories?post=475"},{"taxonomy":"post_tag","embeddable":true,"href":"https:\/\/edublog.educastur.es\/cpclarin56\/wp-json\/wp\/v2\/tags?post=475"}],"curies":[{"name":"wp","href":"https:\/\/api.w.org\/{rel}","templated":true}]}}