{"id":512,"date":"2016-03-08T06:56:00","date_gmt":"2016-03-08T06:56:00","guid":{"rendered":"https:\/\/edublog.educastur.es\/cpclarin56\/2016\/03\/08\/8-marzo-dia-internacional-de-la-mujer-trabajadora\/"},"modified":"2016-03-08T06:56:00","modified_gmt":"2016-03-08T06:56:00","slug":"8-marzo-dia-internacional-de-la-mujer-trabajadora","status":"publish","type":"post","link":"https:\/\/edublog.educastur.es\/cpclarin56\/2016\/03\/08\/8-marzo-dia-internacional-de-la-mujer-trabajadora\/","title":{"rendered":"8 marzo &#8211; D\u00eda Internacional de la Mujer Trabajadora"},"content":{"rendered":"<p>Hoy, 8 de marzo, se festeja el D\u00eda Internacional de la Mujer Trabajadora, en memoria de la masacre ocurrida en 1908, cuando el propietario de una fabrica textil decidi\u00f3 que la mejor manera de sofocar la revuelta producida por las obreras en reclamo por mejoras laborales, era incendiarla con todas ellas adentro.<\/p>\n<div style=\"clear: both;text-align: center\"><\/div>\n<div style=\"clear: both;text-align: center\"><\/div>\n<p>En Espa\u00f1a, el primer 8 de marzo se celebr\u00f3 en 1977, una fiesta que el movimiento de mujeres aprovech\u00f3 para plantear sus problemas en el campo laboral. Un a\u00f1o m\u00e1s tarde, en 1978, la Constituci\u00f3n Espa\u00f1ola reconoci\u00f3 la igualdad ante la ley entre hombres y mujeres, cono uno de los principios del ordenamiento jur\u00eddico. Su posterior desarrollo normativo ha supuesto la equiparaci\u00f3n de nuestro pa\u00eds, en cuanto a la igualdad de derechos entre los sexos, con el entorno europeo.<\/p>\n<h3>Para visitar:<\/h3>\n<div style=\"clear: both;text-align: center\"><a href=\"https:\/\/www.edu.xunta.es\/espazoAbalar\/sites\/espazoAbalar\/files\/datos\/1297413934\/contido\/escenario.html\" target=\"_blank\" rel=\"noopener\"><img loading=\"lazy\" decoding=\"async\" border=\"0\" height=\"185\" src=\"https:\/\/3.bp.blogspot.com\/-sE5MH-9RTu8\/Vt51Nc7ssqI\/AAAAAAAAEKQ\/rZ6x3nyFEEc\/s320\/edu_xunta_mujeres.png\" width=\"320\" \/><\/a><\/div>\n<p><\/p>\n<div style=\"clear: both;text-align: center\"><a href=\"https:\/\/dl.dropboxusercontent.com\/u\/19102094\/8marzo\/clara_campoamor.html\" target=\"_blank\" rel=\"noopener\"><img loading=\"lazy\" decoding=\"async\" border=\"0\" height=\"215\" src=\"https:\/\/1.bp.blogspot.com\/-sIzWpgYmDB8\/Vt51hhgvYwI\/AAAAAAAAEKU\/YWP15iIWL-w\/s320\/edilim_clara_campoamor.png\" width=\"320\" \/><\/a><\/div>\n<p>Para festejar:<\/p>\n<div style=\"clear: both;text-align: center\"><\/div>\n<p><\/p>\n<div style=\"clear: both;text-align: center\"><\/div>\n<p><\/p>\n","protected":false},"excerpt":{"rendered":"<p>Hoy, 8 de marzo, se festeja el D\u00eda Internacional de la Mujer Trabajadora, en memoria de la masacre ocurrida en 1908, cuando el propietario de una fabrica textil decidi\u00f3 que la mejor manera de sofocar la revuelta producida por las obreras en reclamo por mejoras laborales, era incendiarla con todas ellas adentro. En Espa\u00f1a, el [&hellip;]<\/p>\n","protected":false},"author":43,"featured_media":0,"comment_status":"open","ping_status":"open","sticky":false,"template":"","format":"standard","meta":{"footnotes":""},"categories":[21],"tags":[],"class_list":["post-512","post","type-post","status-publish","format-standard","hentry","category-valores"],"_links":{"self":[{"href":"https:\/\/edublog.educastur.es\/cpclarin56\/wp-json\/wp\/v2\/posts\/512","targetHints":{"allow":["GET"]}}],"collection":[{"href":"https:\/\/edublog.educastur.es\/cpclarin56\/wp-json\/wp\/v2\/posts"}],"about":[{"href":"https:\/\/edublog.educastur.es\/cpclarin56\/wp-json\/wp\/v2\/types\/post"}],"author":[{"embeddable":true,"href":"https:\/\/edublog.educastur.es\/cpclarin56\/wp-json\/wp\/v2\/users\/43"}],"replies":[{"embeddable":true,"href":"https:\/\/edublog.educastur.es\/cpclarin56\/wp-json\/wp\/v2\/comments?post=512"}],"version-history":[{"count":0,"href":"https:\/\/edublog.educastur.es\/cpclarin56\/wp-json\/wp\/v2\/posts\/512\/revisions"}],"wp:attachment":[{"href":"https:\/\/edublog.educastur.es\/cpclarin56\/wp-json\/wp\/v2\/media?parent=512"}],"wp:term":[{"taxonomy":"category","embeddable":true,"href":"https:\/\/edublog.educastur.es\/cpclarin56\/wp-json\/wp\/v2\/categories?post=512"},{"taxonomy":"post_tag","embeddable":true,"href":"https:\/\/edublog.educastur.es\/cpclarin56\/wp-json\/wp\/v2\/tags?post=512"}],"curies":[{"name":"wp","href":"https:\/\/api.w.org\/{rel}","templated":true}]}}