{"id":526,"date":"2015-12-17T15:48:00","date_gmt":"2015-12-17T15:48:00","guid":{"rendered":"https:\/\/edublog.educastur.es\/cpclarin56\/2015\/12\/17\/el-adverbio\/"},"modified":"2015-12-17T15:48:00","modified_gmt":"2015-12-17T15:48:00","slug":"el-adverbio","status":"publish","type":"post","link":"https:\/\/edublog.educastur.es\/cpclarin56\/2015\/12\/17\/el-adverbio\/","title":{"rendered":"El adverbio"},"content":{"rendered":"<h3>Definici\u00f3n<\/h3>\n<p>Los adverbios son palabras que expresan circunstancias de lugar, tiempo, modo y cantidad, o bien afirmaci\u00f3n, negaci\u00f3n o duda. Por ejemplo: <br \/>De lugar: Est\u00e1n <b>aqu\u00ed<\/b>.<br \/>De tiempo: Vendr\u00e1 <b>ma\u00f1ana<\/b>.<br \/>De modo: El chico conduce <b>bien<\/b>.<br \/>De cantidad: Tarda <b>mucho <\/b>en llegar.<\/p>\n<p>Los adverbios son palabras <b>invariables<\/b>, es decir, no tienen variaci\u00f3n de g\u00e9nero, n\u00famero, persona\u2026<br \/>Un grupo numeroso de adverbios es el de los acabados en <b>\u2013mente<\/b>. Se trata de adverbios formados por un adjetivo y la terminaci\u00f3n \u2013mente. Los adverbios de este tipo expresan circunstancias de modo. Por ejemplo:<br \/>h\u00e1bil + mente = <b>h\u00e1bilmente&nbsp;<\/b><br \/>r\u00e1pido + mente = <b>r\u00e1pidamente&nbsp;<\/b><br \/><b><br \/><\/b><\/p>\n<div style=\"text-align: center\"><b><a href=\"http:\/\/3.bp.blogspot.com\/-5kvYE6_t_98\/Vok_ofbGqsI\/AAAAAAAADtM\/jXxoYJPAVBw\/s1600\/adverbios_clasificacion.png\"><img loading=\"lazy\" decoding=\"async\" border=\"0\" height=\"184\" src=\"https:\/\/3.bp.blogspot.com\/-5kvYE6_t_98\/Vok_ofbGqsI\/AAAAAAAADtM\/jXxoYJPAVBw\/s320\/adverbios_clasificacion.png\" width=\"320\" \/><\/a><\/b><\/div>\n<div style=\"text-align: center\"><\/div>\n<div style=\"text-align: left\">Pueden modificar el significado del verbo, de un adjetivo o de otro adverbio.<\/div>\n<div style=\"text-align: left\"><\/div>\n<div style=\"text-align: center\"><a href=\"http:\/\/3.bp.blogspot.com\/--UyaPG54hg0\/VolCymahXmI\/AAAAAAAADtk\/xkCH-V00Vis\/s1600\/adverbio_funciones.png\"><img loading=\"lazy\" decoding=\"async\" border=\"0\" height=\"154\" src=\"https:\/\/3.bp.blogspot.com\/--UyaPG54hg0\/VolCymahXmI\/AAAAAAAADtk\/xkCH-V00Vis\/s320\/adverbio_funciones.png\" width=\"320\" \/><\/a><\/div>\n<h3><b>Juega<\/b><\/h3>\n<div style=\"text-align: center\"><b><a href=\"http:\/\/www.primaria.librosvivos.net\/archivosCMS\/3\/3\/16\/usuarios\/103294\/9\/Lengua_6EP_cas_ud8_Eladverbio\/frame_prim.swf\" target=\"_blank\" rel=\"noopener\"><img decoding=\"async\" border=\"0\" src=\"https:\/\/3.bp.blogspot.com\/-IIVZId0CQNk\/Vok-WqdNxqI\/AAAAAAAADso\/3HJVU_De31o\/s1600\/adverbio_libros_vivos.png\" \/><\/a><\/b><\/div>\n<div style=\"text-align: center\"><\/div>\n<div style=\"text-align: center\"><a href=\"http:\/\/bromera.com\/tl_files\/activitatsdigitals\/Tilde_4_PF\/tilde4_u10_pag29_1.swf\" target=\"_blank\" rel=\"noopener\"><img decoding=\"async\" border=\"0\" src=\"https:\/\/2.bp.blogspot.com\/-chM_8FA--P8\/Vok-0xeLapI\/AAAAAAAADs0\/TZRY2PV2D9I\/s1600\/adverbio_bromera.png\" \/><\/a><\/p>\n<p><a href=\"http:\/\/cplosangeles.juntaextremadura.net\/web\/edilim\/tercer_ciclo\/lengua\/el_adverbio\/el_adverbio.html\" target=\"_blank\" rel=\"noopener\"><img decoding=\"async\" border=\"0\" src=\"https:\/\/2.bp.blogspot.com\/-uq0v7cMuMZ8\/VolEmpo4cCI\/AAAAAAAADtw\/cQjMjjiW1cE\/s1600\/adverbio_losangeles.png\" \/><\/a><\/div>\n<div style=\"text-align: center\"><\/div>\n<div style=\"text-align: center\"><a href=\"http:\/\/cp.claracampoamor.fuenlabrada.educa.madrid.org\/flash\/area\/lengua\/06.swf\" target=\"_blank\" rel=\"noopener\"><img decoding=\"async\" border=\"0\" src=\"https:\/\/2.bp.blogspot.com\/-gqgp0kp9qVQ\/Vok_M8SHnzI\/AAAAAAAADtA\/pyM_4tCRGPE\/s1600\/adverbio_clara_campoamor.png\" \/><\/a><\/div>\n<div style=\"text-align: center\"><\/div>\n<div style=\"text-align: center\"><a href=\"http:\/\/www.normaparapensar.com\/ldn\/sites\/default\/files\/NPL03\/testAnaliza_1.swf\" target=\"_blank\" rel=\"noopener\"><img decoding=\"async\" border=\"0\" src=\"https:\/\/4.bp.blogspot.com\/-57MsHZyWek4\/VolAineqgaI\/AAAAAAAADtY\/ZpZf4QwGD8w\/s1600\/adverbio_norma_para_pensar.png\" \/><\/a><\/p>\n<p><a href=\"http:\/\/www.juntadeandalucia.es\/averroes\/centros-tic\/41009470\/helvia\/aula\/archivos\/repositorio\/0\/202\/html\/datos\/rdi\/U15\/03.htm\" target=\"_blank\" rel=\"noopener\"><img decoding=\"async\" border=\"0\" src=\"https:\/\/2.bp.blogspot.com\/-prrRGPR-9Vg\/VolFB_Lb5-I\/AAAAAAAADt8\/cnwYQPJpv00\/s1600\/adverbio_anaya4.png\" \/><\/a><\/p>\n<p><a href=\"http:\/\/www.joaquincarrion.com\/Recursosdidacticos\/QUINTO\/datos\/01_Lengua\/datos\/rdi\/U13\/05.htm\" target=\"_blank\" rel=\"noopener\"><img decoding=\"async\" border=\"0\" src=\"https:\/\/2.bp.blogspot.com\/-F26Shd3evZE\/VolFSx0bDTI\/AAAAAAAADuI\/DH-ERjp5Sf8\/s1600\/adverbio_anaya5.png\" \/><\/a><\/p>\n<p><a href=\"http:\/\/www.joaquincarrion.com\/Recursosdidacticos\/QUINTO\/datos\/01_Lengua\/datos\/rdi\/U13\/06.htm\" target=\"_blank\" rel=\"noopener\"><img decoding=\"async\" border=\"0\" src=\"https:\/\/1.bp.blogspot.com\/-oXO7H7yd_BM\/VolFlYY0ewI\/AAAAAAAADuU\/bdFN7l32VCg\/s1600\/adverbio_anaya51.png\" \/><\/a><\/p>\n<p><a href=\"http:\/\/www.juntadeandalucia.es\/averroes\/centros-tic\/41009470\/helvia\/aula\/archivos\/repositorio\/0\/115\/html\/datos\/10_leng\/30_rdi\/U13\/1304_01.htm\" target=\"_blank\" rel=\"noopener\"><img decoding=\"async\" border=\"0\" src=\"https:\/\/4.bp.blogspot.com\/-sKvp3VOqNyk\/VolF0hneuQI\/AAAAAAAADug\/fHaxmkaDW_o\/s1600\/adverbio_anaya52.png\" \/><\/a><\/p>\n<p><a href=\"http:\/\/www.juntadeandalucia.es\/averroes\/centros-tic\/41009470\/helvia\/aula\/archivos\/repositorio\/0\/174\/html\/interactivo\/datos\/01_Lengua\/act\/U08\/0803.htm\" target=\"_blank\" rel=\"noopener\"><img decoding=\"async\" border=\"0\" src=\"https:\/\/1.bp.blogspot.com\/-MhtF17OJsAo\/VolGTSwAIEI\/AAAAAAAADus\/RaKRfL0Dv7M\/s1600\/adverbio_anaya6.png\" \/><\/a><\/p>\n<p><a href=\"http:\/\/www.juntadeandalucia.es\/averroes\/centros-tic\/41009470\/helvia\/aula\/archivos\/repositorio\/0\/115\/html\/datos\/10_leng\/30_rdi\/U13\/1304_02.htm\" target=\"_blank\" rel=\"noopener\"><img decoding=\"async\" border=\"0\" src=\"https:\/\/1.bp.blogspot.com\/-EwFKai1X6hU\/VolGizuaDcI\/AAAAAAAADu4\/podhkn2ucmc\/s1600\/adverbio_anaya53.png\" \/><\/a><\/p>\n<h3 style=\"text-align: left\">Aprende:<\/h3>\n<div style=\"text-align: left\"><\/div>\n<div style=\"clear: both;text-align: center\"><\/div>\n<div style=\"text-align: left\"><\/div>\n<div style=\"text-align: left\"><\/div>\n<\/div>\n","protected":false},"excerpt":{"rendered":"<p>Definici\u00f3n Los adverbios son palabras que expresan circunstancias de lugar, tiempo, modo y cantidad, o bien afirmaci\u00f3n, negaci\u00f3n o duda. Por ejemplo: De lugar: Est\u00e1n aqu\u00ed.De tiempo: Vendr\u00e1 ma\u00f1ana.De modo: El chico conduce bien.De cantidad: Tarda mucho en llegar. Los adverbios son palabras invariables, es decir, no tienen variaci\u00f3n de g\u00e9nero, n\u00famero, persona\u2026Un grupo numeroso [&hellip;]<\/p>\n","protected":false},"author":43,"featured_media":0,"comment_status":"open","ping_status":"open","sticky":false,"template":"","format":"standard","meta":{"footnotes":""},"categories":[94,52],"tags":[],"class_list":["post-526","post","type-post","status-publish","format-standard","hentry","category-gramatica","category-lengua-castellana"],"_links":{"self":[{"href":"https:\/\/edublog.educastur.es\/cpclarin56\/wp-json\/wp\/v2\/posts\/526","targetHints":{"allow":["GET"]}}],"collection":[{"href":"https:\/\/edublog.educastur.es\/cpclarin56\/wp-json\/wp\/v2\/posts"}],"about":[{"href":"https:\/\/edublog.educastur.es\/cpclarin56\/wp-json\/wp\/v2\/types\/post"}],"author":[{"embeddable":true,"href":"https:\/\/edublog.educastur.es\/cpclarin56\/wp-json\/wp\/v2\/users\/43"}],"replies":[{"embeddable":true,"href":"https:\/\/edublog.educastur.es\/cpclarin56\/wp-json\/wp\/v2\/comments?post=526"}],"version-history":[{"count":0,"href":"https:\/\/edublog.educastur.es\/cpclarin56\/wp-json\/wp\/v2\/posts\/526\/revisions"}],"wp:attachment":[{"href":"https:\/\/edublog.educastur.es\/cpclarin56\/wp-json\/wp\/v2\/media?parent=526"}],"wp:term":[{"taxonomy":"category","embeddable":true,"href":"https:\/\/edublog.educastur.es\/cpclarin56\/wp-json\/wp\/v2\/categories?post=526"},{"taxonomy":"post_tag","embeddable":true,"href":"https:\/\/edublog.educastur.es\/cpclarin56\/wp-json\/wp\/v2\/tags?post=526"}],"curies":[{"name":"wp","href":"https:\/\/api.w.org\/{rel}","templated":true}]}}