{"id":544,"date":"2015-10-29T10:03:00","date_gmt":"2015-10-29T10:03:00","guid":{"rendered":"https:\/\/edublog.educastur.es\/cpclarin56\/2015\/10\/29\/taller-de-filosofia-para-ninos-6o-a-y-6o-b\/"},"modified":"2015-10-29T10:03:00","modified_gmt":"2015-10-29T10:03:00","slug":"taller-de-filosofia-para-ninos-6o-a-y-6o-b","status":"publish","type":"post","link":"https:\/\/edublog.educastur.es\/cpclarin56\/2015\/10\/29\/taller-de-filosofia-para-ninos-6o-a-y-6o-b\/","title":{"rendered":"Taller de Filosof\u00eda para ni\u00f1os 6\u00ba A y 6\u00ba B"},"content":{"rendered":"<p>Comenzamos con una charla introductoria sobre el concepto y definici\u00f3n de derechos, derechos humanos y derechos infantiles. Hemos conocido el caso de una peque\u00f1a maltratada a comienzos del siglo XIX, que representa la primera lucha sobre los derechos infantiles.<br \/>Hemos conocido a Eglantyne Jeff, fundadora de la ONG Save for Children. Tambi\u00e9n hemos hablado de la ONU (de los pa\u00edses miembro y de aquellos que no lo son) y de la Convenci\u00f3n de los Derechos Humanos.<br \/>Finalmente hemos hablado de guerras grandes (la guerra de Siria, la guerra de Ucrania&#8230;) y de conflictos peque\u00f1os, de sus causas y de sus posibles soluciones. Hemos conocido algunas de sus consecuencias como la masiva existencia de refugiados en el mundo (m\u00e1s de 50 millones de personas lo son). Y hemos hecho una primera aproximaci\u00f3n a los Objetivos del Milenio.<\/p>\n<p>Dos fechas a tener en cuenta:<\/p>\n<p><b>1959 <\/b>&#8211; A\u00f1o de aprobaci\u00f3n de la Declaraci\u00f3n de los Derechos del Ni\u00f1o<\/p>\n<p><b>1989 <\/b>&#8211; A\u00f1o de celebraci\u00f3n de la Convenci\u00f3n de los Derechos del Ni\u00f1o<\/p>\n<p><b>EGLANTYNE JEFF<\/b> &#8211;&nbsp;<a href=\"https:\/\/es.wikipedia.org\/wiki\/Eglantyne_Jebb\">https:\/\/es.wikipedia.org\/wiki\/Eglantyne_Jebb<\/a><\/p>\n<div style=\"clear: both;text-align: center\"><a href=\"https:\/\/www.savethechildren.net\/sites\/default\/files\/RS29193_EglantyneJebb_scan_edit1.jpg\" style=\"margin-left: 1em;margin-right: 1em\"><img loading=\"lazy\" decoding=\"async\" border=\"0\" height=\"320\" src=\"https:\/\/www.savethechildren.net\/sites\/default\/files\/RS29193_EglantyneJebb_scan_edit1.jpg\" width=\"236\" \/><\/a><\/div>\n<p><b>SAVE FOR CHILDREN<\/b> &#8211;&nbsp;<a href=\"https:\/\/www.savethechildren.es\/\">https:\/\/www.savethechildren.es\/<\/a><\/p>\n<div style=\"clear: both;text-align: center\"><a href=\"https:\/\/upload.wikimedia.org\/wikipedia\/en\/thumb\/5\/59\/Save_the_Children_logo.svg\/1280px-Save_the_Children_logo.svg.png\" style=\"margin-left: 1em;margin-right: 1em\"><img loading=\"lazy\" decoding=\"async\" border=\"0\" height=\"68\" src=\"https:\/\/upload.wikimedia.org\/wikipedia\/en\/thumb\/5\/59\/Save_the_Children_logo.svg\/1280px-Save_the_Children_logo.svg.png\" width=\"320\" \/><\/a><\/div>\n<p><b>ONU <\/b>&#8211;&nbsp;<a href=\"http:\/\/www.un.org\/es\/index.html\">http:\/\/www.un.org\/es\/index.html<\/a><\/p>\n<p><b>OBJETIVOS DEL MILENIO<\/b> &#8211;&nbsp;<a href=\"http:\/\/www.un.org\/es\/millenniumgoals\/\">http:\/\/www.un.org\/es\/millenniumgoals\/<\/a><\/p>\n<p><b>ACNUR <\/b>&#8211;&nbsp;<a href=\"http:\/\/www.acnur.es\/\">http:\/\/www.acnur.es\/<\/a><\/p>\n<div style=\"clear: both;text-align: center\"><a href=\"http:\/\/www.hst.cat\/wp-content\/uploads\/logo-acnur.png\" style=\"margin-left: 1em;margin-right: 1em\"><img loading=\"lazy\" decoding=\"async\" border=\"0\" height=\"111\" src=\"https:\/\/www.hst.cat\/wp-content\/uploads\/logo-acnur.png\" width=\"320\" \/><\/a><\/div>\n","protected":false},"excerpt":{"rendered":"<p>Comenzamos con una charla introductoria sobre el concepto y definici\u00f3n de derechos, derechos humanos y derechos infantiles. Hemos conocido el caso de una peque\u00f1a maltratada a comienzos del siglo XIX, que representa la primera lucha sobre los derechos infantiles.Hemos conocido a Eglantyne Jeff, fundadora de la ONG Save for Children. Tambi\u00e9n hemos hablado de la [&hellip;]<\/p>\n","protected":false},"author":43,"featured_media":0,"comment_status":"open","ping_status":"open","sticky":false,"template":"","format":"standard","meta":{"footnotes":""},"categories":[21],"tags":[],"class_list":["post-544","post","type-post","status-publish","format-standard","hentry","category-valores"],"_links":{"self":[{"href":"https:\/\/edublog.educastur.es\/cpclarin56\/wp-json\/wp\/v2\/posts\/544","targetHints":{"allow":["GET"]}}],"collection":[{"href":"https:\/\/edublog.educastur.es\/cpclarin56\/wp-json\/wp\/v2\/posts"}],"about":[{"href":"https:\/\/edublog.educastur.es\/cpclarin56\/wp-json\/wp\/v2\/types\/post"}],"author":[{"embeddable":true,"href":"https:\/\/edublog.educastur.es\/cpclarin56\/wp-json\/wp\/v2\/users\/43"}],"replies":[{"embeddable":true,"href":"https:\/\/edublog.educastur.es\/cpclarin56\/wp-json\/wp\/v2\/comments?post=544"}],"version-history":[{"count":0,"href":"https:\/\/edublog.educastur.es\/cpclarin56\/wp-json\/wp\/v2\/posts\/544\/revisions"}],"wp:attachment":[{"href":"https:\/\/edublog.educastur.es\/cpclarin56\/wp-json\/wp\/v2\/media?parent=544"}],"wp:term":[{"taxonomy":"category","embeddable":true,"href":"https:\/\/edublog.educastur.es\/cpclarin56\/wp-json\/wp\/v2\/categories?post=544"},{"taxonomy":"post_tag","embeddable":true,"href":"https:\/\/edublog.educastur.es\/cpclarin56\/wp-json\/wp\/v2\/tags?post=544"}],"curies":[{"name":"wp","href":"https:\/\/api.w.org\/{rel}","templated":true}]}}