{"id":556,"date":"2015-09-20T09:34:00","date_gmt":"2015-09-20T09:34:00","guid":{"rendered":"https:\/\/edublog.educastur.es\/cpclarin56\/2015\/09\/20\/curriculo-y-concrecion-curricular-cultura-asturiana\/"},"modified":"2015-09-20T09:34:00","modified_gmt":"2015-09-20T09:34:00","slug":"curriculo-y-concrecion-curricular-cultura-asturiana","status":"publish","type":"post","link":"https:\/\/edublog.educastur.es\/cpclarin56\/2015\/09\/20\/curriculo-y-concrecion-curricular-cultura-asturiana\/","title":{"rendered":"Curr\u00edculo y concreci\u00f3n curricular &#8211; Cultura asturiana"},"content":{"rendered":"<h4>CURR\u00cdCULO VIGENTE<\/h4>\n<ol>\n<li>Bloques de contenidos &#8211; <a href=\"https:\/\/drive.google.com\/file\/d\/0BxqI9xsG4Xx5eF81dVl2V056RDA\/view?usp=sharing\" target=\"_blank\" rel=\"noopener\">Descargar<\/a>.<\/li>\n<li>Capacidades b\u00e1sicas &#8211; <a href=\"https:\/\/drive.google.com\/file\/d\/0BxqI9xsG4Xx5MllxVmRHaTJpdms\/view?usp=sharing\" target=\"_blank\" rel=\"noopener\">Descargar<\/a>.<\/li>\n<li>Contribuci\u00f3n del \u00e1rea a las capacidades b\u00e1sicas &#8211; <a href=\"https:\/\/drive.google.com\/file\/d\/0BxqI9xsG4Xx5MlhTajJaaGh4VlE\/view?usp=sharing\" target=\"_blank\" rel=\"noopener\">Descargar<\/a>.<\/li>\n<li>Orientaciones metodol\u00f3gicas &#8211; <a href=\"https:\/\/drive.google.com\/file\/d\/0BxqI9xsG4Xx5Yi1VZE02SkNPODQ\/view?usp=sharing\" target=\"_blank\" rel=\"noopener\">Descargar<\/a>.<\/li>\n<li>Contenidos del \u00e1rea para todos los niveles de Educaci\u00f3n Primaria &#8211; <a href=\"https:\/\/drive.google.com\/file\/d\/0BxqI9xsG4Xx5Wi15ZklEYURMWVU\/view?usp=sharing\" target=\"_blank\" rel=\"noopener\">Descargar<\/a>.<\/li>\n<li>Criterios de evaluaci\u00f3n y est\u00e1ndares de aprendizaje para todos los niveles de Educaci\u00f3n Primaria. <a href=\"https:\/\/drive.google.com\/file\/d\/0BxqI9xsG4Xx5aVp0SzBOekJhUW8\/view?usp=sharing\" target=\"_blank\" rel=\"noopener\">Descargar<\/a>.<\/li>\n<\/ol>\n<h4>CONCRECI\u00d3N CURRICULAR &#8211; 5\u00ba DE EDUCACI\u00d3N PRIMARIA<\/h4>\n<h4>CONCRECI\u00d3N CURRICULAR &#8211; 6\u00ba DE EDUCACI\u00d3N PRIMARIA<\/h4>\n<div style=\"text-align: center\"><a href=\"https:\/\/drive.google.com\/file\/d\/0BxqI9xsG4Xx5b2RVbnBGRkpmZTA\/view?usp=sharing\" target=\"_blank\" rel=\"noopener\">Descargar<\/a><\/div>\n","protected":false},"excerpt":{"rendered":"<p>CURR\u00cdCULO VIGENTE Bloques de contenidos &#8211; Descargar. Capacidades b\u00e1sicas &#8211; Descargar. Contribuci\u00f3n del \u00e1rea a las capacidades b\u00e1sicas &#8211; Descargar. Orientaciones metodol\u00f3gicas &#8211; Descargar. Contenidos del \u00e1rea para todos los niveles de Educaci\u00f3n Primaria &#8211; Descargar. Criterios de evaluaci\u00f3n y est\u00e1ndares de aprendizaje para todos los niveles de Educaci\u00f3n Primaria. Descargar. CONCRECI\u00d3N CURRICULAR &#8211; 5\u00ba [&hellip;]<\/p>\n","protected":false},"author":43,"featured_media":0,"comment_status":"open","ping_status":"open","sticky":false,"template":"","format":"standard","meta":{"footnotes":""},"categories":[29,166,136],"tags":[],"class_list":["post-556","post","type-post","status-publish","format-standard","hentry","category-cultura-asturiana","category-curriculo-asturiano","category-documentos-de-aula"],"_links":{"self":[{"href":"https:\/\/edublog.educastur.es\/cpclarin56\/wp-json\/wp\/v2\/posts\/556","targetHints":{"allow":["GET"]}}],"collection":[{"href":"https:\/\/edublog.educastur.es\/cpclarin56\/wp-json\/wp\/v2\/posts"}],"about":[{"href":"https:\/\/edublog.educastur.es\/cpclarin56\/wp-json\/wp\/v2\/types\/post"}],"author":[{"embeddable":true,"href":"https:\/\/edublog.educastur.es\/cpclarin56\/wp-json\/wp\/v2\/users\/43"}],"replies":[{"embeddable":true,"href":"https:\/\/edublog.educastur.es\/cpclarin56\/wp-json\/wp\/v2\/comments?post=556"}],"version-history":[{"count":0,"href":"https:\/\/edublog.educastur.es\/cpclarin56\/wp-json\/wp\/v2\/posts\/556\/revisions"}],"wp:attachment":[{"href":"https:\/\/edublog.educastur.es\/cpclarin56\/wp-json\/wp\/v2\/media?parent=556"}],"wp:term":[{"taxonomy":"category","embeddable":true,"href":"https:\/\/edublog.educastur.es\/cpclarin56\/wp-json\/wp\/v2\/categories?post=556"},{"taxonomy":"post_tag","embeddable":true,"href":"https:\/\/edublog.educastur.es\/cpclarin56\/wp-json\/wp\/v2\/tags?post=556"}],"curies":[{"name":"wp","href":"https:\/\/api.w.org\/{rel}","templated":true}]}}