{"id":560,"date":"2015-09-12T13:07:00","date_gmt":"2015-09-12T13:07:00","guid":{"rendered":"https:\/\/edublog.educastur.es\/cpclarin56\/2015\/09\/12\/varios-ejemplos-diferentes-para-las-portadas-de-los-cuadernos\/"},"modified":"2015-09-12T13:07:00","modified_gmt":"2015-09-12T13:07:00","slug":"varios-ejemplos-diferentes-para-las-portadas-de-los-cuadernos","status":"publish","type":"post","link":"https:\/\/edublog.educastur.es\/cpclarin56\/2015\/09\/12\/varios-ejemplos-diferentes-para-las-portadas-de-los-cuadernos\/","title":{"rendered":"Varios ejemplos diferentes para las portadas de los cuadernos"},"content":{"rendered":"<p>Un v\u00eddeo muy inspirador para que cada uno realice esas portadas de los cuadernos de matem\u00e1ticas, lengua y sociales-naturales que nos dejen con la boca abierta.<br \/>En YouTube encontrar\u00e9is a\u00fan muchos m\u00e1s ejemplos, y realizados con innmerables t\u00e9cnicas pl\u00e1sticas. \u00a1Seguro que la realizar\u00e9is con originalidad, creatividad y buen gusto!<\/p>\n<div style=\"clear: both;text-align: center\"><\/div>\n<p>Este es el que vimos en clase. Y aqu\u00ed van muchos otros m\u00e1s&#8230;<\/p>\n<div style=\"clear: both;text-align: center\"><\/div>\n<div style=\"clear: both;text-align: center\"><\/div>\n<div style=\"clear: both;text-align: center\"><\/div>\n<p><\/p>\n<div style=\"clear: both;text-align: center\"><\/div>\n","protected":false},"excerpt":{"rendered":"<p>Un v\u00eddeo muy inspirador para que cada uno realice esas portadas de los cuadernos de matem\u00e1ticas, lengua y sociales-naturales que nos dejen con la boca abierta.En YouTube encontrar\u00e9is a\u00fan muchos m\u00e1s ejemplos, y realizados con innmerables t\u00e9cnicas pl\u00e1sticas. \u00a1Seguro que la realizar\u00e9is con originalidad, creatividad y buen gusto! Este es el que vimos en clase. [&hellip;]<\/p>\n","protected":false},"author":43,"featured_media":0,"comment_status":"open","ping_status":"open","sticky":false,"template":"","format":"standard","meta":{"footnotes":""},"categories":[84,123],"tags":[],"class_list":["post-560","post","type-post","status-publish","format-standard","hentry","category-organizacion-del-aula","category-visual-thinking"],"_links":{"self":[{"href":"https:\/\/edublog.educastur.es\/cpclarin56\/wp-json\/wp\/v2\/posts\/560","targetHints":{"allow":["GET"]}}],"collection":[{"href":"https:\/\/edublog.educastur.es\/cpclarin56\/wp-json\/wp\/v2\/posts"}],"about":[{"href":"https:\/\/edublog.educastur.es\/cpclarin56\/wp-json\/wp\/v2\/types\/post"}],"author":[{"embeddable":true,"href":"https:\/\/edublog.educastur.es\/cpclarin56\/wp-json\/wp\/v2\/users\/43"}],"replies":[{"embeddable":true,"href":"https:\/\/edublog.educastur.es\/cpclarin56\/wp-json\/wp\/v2\/comments?post=560"}],"version-history":[{"count":0,"href":"https:\/\/edublog.educastur.es\/cpclarin56\/wp-json\/wp\/v2\/posts\/560\/revisions"}],"wp:attachment":[{"href":"https:\/\/edublog.educastur.es\/cpclarin56\/wp-json\/wp\/v2\/media?parent=560"}],"wp:term":[{"taxonomy":"category","embeddable":true,"href":"https:\/\/edublog.educastur.es\/cpclarin56\/wp-json\/wp\/v2\/categories?post=560"},{"taxonomy":"post_tag","embeddable":true,"href":"https:\/\/edublog.educastur.es\/cpclarin56\/wp-json\/wp\/v2\/tags?post=560"}],"curies":[{"name":"wp","href":"https:\/\/api.w.org\/{rel}","templated":true}]}}