{"id":621,"date":"2014-10-15T15:12:00","date_gmt":"2014-10-15T15:12:00","guid":{"rendered":"https:\/\/edublog.educastur.es\/cpclarin56\/2014\/10\/15\/familia-y-cole-como-ensenar-habitos-de-autonomia-personal\/"},"modified":"2014-10-15T15:12:00","modified_gmt":"2014-10-15T15:12:00","slug":"familia-y-cole-como-ensenar-habitos-de-autonomia-personal","status":"publish","type":"post","link":"https:\/\/edublog.educastur.es\/cpclarin56\/2014\/10\/15\/familia-y-cole-como-ensenar-habitos-de-autonomia-personal\/","title":{"rendered":"Familia y Cole &#8211; C\u00f3mo ense\u00f1ar h\u00e1bitos de autonom\u00eda personal"},"content":{"rendered":"<p><b>Poco desarrollo de la autonom\u00eda personal<\/b><br \/>En los \u00faltimos a\u00f1os,  venimos percibiendo desde la escuela que cada vez son m\u00e1s los ni\u00f1os y ni\u00f1as con menores niveles de autonom\u00eda en \u00e1reas como el vestido, la higiene personal, el autocuidado o la alimentaci\u00f3n.<br \/>En ocasiones, los niveles de autonom\u00eda son tan pobres, que es en el propio colegio el que asume la ense\u00f1anza y adquisici\u00f3n de estos h\u00e1bitos.<br \/>Normalmente la falta de dedicaci\u00f3n por parte de los padres a este tema, prefieren hacerlo ellos porque lo hacen en menos tiempo\u2026 y mejor, o la creencia de que \u201cya lo aprender\u00e1 cuando sea m\u00e1s mayor\u201d esta detr\u00e1s de este pobre desarrollo.<\/p>\n<div>Fuente &#8211; Familia y Cole en&nbsp;<\/div>\n<div><a href=\"http:\/\/familiaycole.com\/2013\/10\/17\/autonomia-personal-folleto-para-imprimir\/\">http:\/\/familiaycole.com\/2013\/10\/17\/autonomia-personal-folleto-para-imprimir\/<\/a><\/div>\n<div><\/div>\n<div>Folleto con sencillas, escuetas pero pr\u00e1cticas recomendaciones:<\/div>\n<div style=\"clear: both;text-align: center\"><a href=\"http:\/\/familiaycole.com\/wp-content\/uploads\/2014\/06\/07-folletos-ense%C3%B1ar-habitos-autonom%C3%ADa-personal.pdf\" rel=\"nofollow noopener\" target=\"_blank\"><img loading=\"lazy\" decoding=\"async\" border=\"0\" height=\"320\" src=\"https:\/\/1.bp.blogspot.com\/-QFhricDAsi4\/VF-SWfXnCxI\/AAAAAAAAAPY\/luj-9S2g7D0\/s1600\/folleto_habitos_autonomia.png\" width=\"226\" \/><\/a><\/div>\n<div><\/div>\n","protected":false},"excerpt":{"rendered":"<p>Poco desarrollo de la autonom\u00eda personalEn los \u00faltimos a\u00f1os, venimos percibiendo desde la escuela que cada vez son m\u00e1s los ni\u00f1os y ni\u00f1as con menores niveles de autonom\u00eda en \u00e1reas como el vestido, la higiene personal, el autocuidado o la alimentaci\u00f3n.En ocasiones, los niveles de autonom\u00eda son tan pobres, que es en el propio colegio [&hellip;]<\/p>\n","protected":false},"author":43,"featured_media":0,"comment_status":"open","ping_status":"open","sticky":false,"template":"","format":"standard","meta":{"footnotes":""},"categories":[75],"tags":[],"class_list":["post-621","post","type-post","status-publish","format-standard","hentry","category-para-las-familias"],"_links":{"self":[{"href":"https:\/\/edublog.educastur.es\/cpclarin56\/wp-json\/wp\/v2\/posts\/621","targetHints":{"allow":["GET"]}}],"collection":[{"href":"https:\/\/edublog.educastur.es\/cpclarin56\/wp-json\/wp\/v2\/posts"}],"about":[{"href":"https:\/\/edublog.educastur.es\/cpclarin56\/wp-json\/wp\/v2\/types\/post"}],"author":[{"embeddable":true,"href":"https:\/\/edublog.educastur.es\/cpclarin56\/wp-json\/wp\/v2\/users\/43"}],"replies":[{"embeddable":true,"href":"https:\/\/edublog.educastur.es\/cpclarin56\/wp-json\/wp\/v2\/comments?post=621"}],"version-history":[{"count":0,"href":"https:\/\/edublog.educastur.es\/cpclarin56\/wp-json\/wp\/v2\/posts\/621\/revisions"}],"wp:attachment":[{"href":"https:\/\/edublog.educastur.es\/cpclarin56\/wp-json\/wp\/v2\/media?parent=621"}],"wp:term":[{"taxonomy":"category","embeddable":true,"href":"https:\/\/edublog.educastur.es\/cpclarin56\/wp-json\/wp\/v2\/categories?post=621"},{"taxonomy":"post_tag","embeddable":true,"href":"https:\/\/edublog.educastur.es\/cpclarin56\/wp-json\/wp\/v2\/tags?post=621"}],"curies":[{"name":"wp","href":"https:\/\/api.w.org\/{rel}","templated":true}]}}