{"id":640,"date":"2014-08-28T09:52:00","date_gmt":"2014-08-28T09:52:00","guid":{"rendered":"https:\/\/edublog.educastur.es\/cpclarin56\/2014\/08\/28\/biblioteca-digital-ilce\/"},"modified":"2014-08-28T09:52:00","modified_gmt":"2014-08-28T09:52:00","slug":"biblioteca-digital-ilce","status":"publish","type":"post","link":"https:\/\/edublog.educastur.es\/cpclarin56\/2014\/08\/28\/biblioteca-digital-ilce\/","title":{"rendered":"Biblioteca Digital ILCE"},"content":{"rendered":"<p>ILCE &#8211; Instituto Latinoamericano de la Comunicaci\u00f3n Educativa<br \/>Organismo internacional aut\u00f3nomo, sin fines de lucro y orientado a satisfacer necesidades educativas, tecnol\u00f3gicas y de desarrollo social, mediante la investigaci\u00f3n, la innovaci\u00f3n, la difusi\u00f3n y el uso de las tecnolog\u00edas de la informaci\u00f3n y la comunicaci\u00f3n. Est\u00e1 integrado por catorce pa\u00edses miembros de Am\u00e9rica Latina y El Caribe, y desde su creaci\u00f3n en 1956, ha contribuido al desarrollo social de los mismos a trav\u00e9s de proyectos educativos.<\/p>\n<div>Fuente &#8211;&nbsp;<a href=\"http:\/\/www.ilce.edu.mx\/quienes-somos\">http:\/\/www.ilce.edu.mx\/quienes-somos<\/a><\/div>\n<div style=\"clear: both;text-align: center\"><a href=\"http:\/\/bibliotecadigital.ilce.edu.mx\/\" rel=\"nofollow noopener\" target=\"_blank\"><img loading=\"lazy\" decoding=\"async\" border=\"0\" height=\"235\" src=\"https:\/\/4.bp.blogspot.com\/-d-YRh2gJDR0\/VF9HRKLzapI\/AAAAAAAAAMY\/uXTjrNB8EhQ\/s1600\/bib_digital_ilce.png\" width=\"400\" \/><\/a><\/div>\n<div><\/div>\n","protected":false},"excerpt":{"rendered":"<p>ILCE &#8211; Instituto Latinoamericano de la Comunicaci\u00f3n EducativaOrganismo internacional aut\u00f3nomo, sin fines de lucro y orientado a satisfacer necesidades educativas, tecnol\u00f3gicas y de desarrollo social, mediante la investigaci\u00f3n, la innovaci\u00f3n, la difusi\u00f3n y el uso de las tecnolog\u00edas de la informaci\u00f3n y la comunicaci\u00f3n. Est\u00e1 integrado por catorce pa\u00edses miembros de Am\u00e9rica Latina y El [&hellip;]<\/p>\n","protected":false},"author":43,"featured_media":0,"comment_status":"open","ping_status":"open","sticky":false,"template":"","format":"standard","meta":{"footnotes":""},"categories":[85,58,82],"tags":[],"class_list":["post-640","post","type-post","status-publish","format-standard","hentry","category-lectura","category-literatura","category-plan-lector"],"_links":{"self":[{"href":"https:\/\/edublog.educastur.es\/cpclarin56\/wp-json\/wp\/v2\/posts\/640","targetHints":{"allow":["GET"]}}],"collection":[{"href":"https:\/\/edublog.educastur.es\/cpclarin56\/wp-json\/wp\/v2\/posts"}],"about":[{"href":"https:\/\/edublog.educastur.es\/cpclarin56\/wp-json\/wp\/v2\/types\/post"}],"author":[{"embeddable":true,"href":"https:\/\/edublog.educastur.es\/cpclarin56\/wp-json\/wp\/v2\/users\/43"}],"replies":[{"embeddable":true,"href":"https:\/\/edublog.educastur.es\/cpclarin56\/wp-json\/wp\/v2\/comments?post=640"}],"version-history":[{"count":0,"href":"https:\/\/edublog.educastur.es\/cpclarin56\/wp-json\/wp\/v2\/posts\/640\/revisions"}],"wp:attachment":[{"href":"https:\/\/edublog.educastur.es\/cpclarin56\/wp-json\/wp\/v2\/media?parent=640"}],"wp:term":[{"taxonomy":"category","embeddable":true,"href":"https:\/\/edublog.educastur.es\/cpclarin56\/wp-json\/wp\/v2\/categories?post=640"},{"taxonomy":"post_tag","embeddable":true,"href":"https:\/\/edublog.educastur.es\/cpclarin56\/wp-json\/wp\/v2\/tags?post=640"}],"curies":[{"name":"wp","href":"https:\/\/api.w.org\/{rel}","templated":true}]}}