{"id":93,"date":"2020-07-19T09:28:37","date_gmt":"2020-07-19T09:28:37","guid":{"rendered":"https:\/\/edublog.educastur.es\/cpclarin56\/?p=93"},"modified":"2020-08-30T16:51:49","modified_gmt":"2020-08-30T16:51:49","slug":"programa-foro-nativos-digitales","status":"publish","type":"post","link":"https:\/\/edublog.educastur.es\/cpclarin56\/2020\/07\/19\/programa-foro-nativos-digitales\/","title":{"rendered":"Programa Foro Nativos Digitales"},"content":{"rendered":"<p><img loading=\"lazy\" decoding=\"async\" src=\"https:\/\/live.staticflickr.com\/65535\/50286909447_73b134802c.jpg\" alt=\"\" width=\"500\" height=\"40\" \/><br \/>\nSustentado por el EMTIC, el Portal de Innovaci\u00f3n y Tecnolog\u00eda de la educaci\u00f3n de la Consejer\u00eda de Educaci\u00f3n y Empleo de la Junta de Extremadura, nos encontramos con este completo programa de tutor\u00eda en Tecnolog\u00edas de la Informaci\u00f3n y Comunicaci\u00f3n para Educaci\u00f3n Primaria.<\/p>\n<h6 style=\"text-align: center\"><img decoding=\"async\" class=\"aligncenter\" src=\"https:\/\/live.staticflickr.com\/65535\/50128999327_fe98f10829.jpg\" alt=\"\" \/>Acceso a la Web &#8211; <a href=\"https:\/\/emtic.educarex.es\/fndsite\/fndactividadestutoriaprimaria\">https:\/\/emtic.educarex.es\/fndsite\/fndactividadestutoriaprimaria<\/a><\/h6>\n<p>Siete tem\u00e1ticas que ofrecen acceso al recurso web, gu\u00eda did\u00e1ctica para el docente, gu\u00eda did\u00e1ctica para las familias y la descarga del c\u00f3digo fuente (formato elp, formato que incluye, en un \u00fanico archivo, la totalidad de los ficheros para importar en <a href=\"https:\/\/exelearning.net\" target=\"_blank\" rel=\"noopener noreferrer\">ExeLearning<\/a> o formato zip, para ser descomprimido):<\/p>\n<ol>\n<li>Las razones de Alex: decir \u00abNO\u00bb.<\/li>\n<li>Relaciones personales y sociales: decir \u00abNO\u00bb.<\/li>\n<li>Hiperconectividad y redes.<\/li>\n<li>Acceso a contenidos inapropiados.<\/li>\n<li>Netiqueta: comportamiento en l\u00ednea.<\/li>\n<li>Cirberacoso escolar (ciberbullyng)<\/li>\n<li>Suplantaci\u00f3n de identidad<\/li>\n<\/ol>\n","protected":false},"excerpt":{"rendered":"<p>Sustentado por el EMTIC, el Portal de Innovaci\u00f3n y Tecnolog\u00eda de la educaci\u00f3n de la Consejer\u00eda de Educaci\u00f3n y Empleo de la Junta de Extremadura, nos encontramos con este completo programa de tutor\u00eda en Tecnolog\u00edas de la Informaci\u00f3n y Comunicaci\u00f3n para Educaci\u00f3n Primaria. Acceso a la Web &#8211; https:\/\/emtic.educarex.es\/fndsite\/fndactividadestutoriaprimaria Siete tem\u00e1ticas que ofrecen acceso al [&hellip;]<\/p>\n","protected":false},"author":43,"featured_media":0,"comment_status":"open","ping_status":"open","sticky":false,"template":"","format":"standard","meta":{"footnotes":""},"categories":[38],"tags":[],"class_list":["post-93","post","type-post","status-publish","format-standard","hentry","category-tic-tac"],"_links":{"self":[{"href":"https:\/\/edublog.educastur.es\/cpclarin56\/wp-json\/wp\/v2\/posts\/93","targetHints":{"allow":["GET"]}}],"collection":[{"href":"https:\/\/edublog.educastur.es\/cpclarin56\/wp-json\/wp\/v2\/posts"}],"about":[{"href":"https:\/\/edublog.educastur.es\/cpclarin56\/wp-json\/wp\/v2\/types\/post"}],"author":[{"embeddable":true,"href":"https:\/\/edublog.educastur.es\/cpclarin56\/wp-json\/wp\/v2\/users\/43"}],"replies":[{"embeddable":true,"href":"https:\/\/edublog.educastur.es\/cpclarin56\/wp-json\/wp\/v2\/comments?post=93"}],"version-history":[{"count":3,"href":"https:\/\/edublog.educastur.es\/cpclarin56\/wp-json\/wp\/v2\/posts\/93\/revisions"}],"predecessor-version":[{"id":124,"href":"https:\/\/edublog.educastur.es\/cpclarin56\/wp-json\/wp\/v2\/posts\/93\/revisions\/124"}],"wp:attachment":[{"href":"https:\/\/edublog.educastur.es\/cpclarin56\/wp-json\/wp\/v2\/media?parent=93"}],"wp:term":[{"taxonomy":"category","embeddable":true,"href":"https:\/\/edublog.educastur.es\/cpclarin56\/wp-json\/wp\/v2\/categories?post=93"},{"taxonomy":"post_tag","embeddable":true,"href":"https:\/\/edublog.educastur.es\/cpclarin56\/wp-json\/wp\/v2\/tags?post=93"}],"curies":[{"name":"wp","href":"https:\/\/api.w.org\/{rel}","templated":true}]}}