{"id":1,"date":"2024-12-04T14:36:49","date_gmt":"2024-12-04T13:36:49","guid":{"rendered":"https:\/\/edublog.educastur.es\/cpdeprado\/?p=1"},"modified":"2025-04-24T15:19:07","modified_gmt":"2025-04-24T13:19:07","slug":"hola-mundo","status":"publish","type":"post","link":"https:\/\/edublog.educastur.es\/cpdeprado\/2024\/12\/04\/hola-mundo\/","title":{"rendered":"\u00a1Hola, mundo!"},"content":{"rendered":"\r\n<p><span data-olk-copy-source=\"MessageBody\">Nos alegra daros la bienvenida al blog del\u00a0<\/span>Colegio P\u00fablico de Prado, un espacio donde compartiremos noticias, proyectos, experiencias y todo lo que hace especial a nuestra comunidad educativa.<\/p>\r\n<p>Este blog nace con la intenci\u00f3n de ser un punto de encuentro para alumnado, familias y profesorado, donde podr\u00e9is encontrar informaci\u00f3n sobre nuestras actividades, iniciativas pedag\u00f3gicas, eventos escolares y mucho m\u00e1s.<\/p>\r\n<p>Este blog es un reflejo de nuestra comunidad, por lo que os animamos a participar dejando comentarios y compartiendo vuestras ideas.<\/p>\r\n<p>\u00a1Gracias por formar parte de esta aventura!<\/p>\r\n<p>Equipo del Colegio P\u00fablico de Prado<\/p>\r\n","protected":false},"excerpt":{"rendered":"<p>Nos alegra daros la bienvenida al blog del\u00a0Colegio P\u00fablico de Prado, un espacio donde compartiremos noticias, proyectos, experiencias y todo lo que hace especial a nuestra comunidad educativa. Este blog nace con la intenci\u00f3n de ser un punto de encuentro para alumnado, familias y profesorado, donde podr\u00e9is encontrar informaci\u00f3n sobre nuestras actividades, iniciativas pedag\u00f3gicas, eventos [&hellip;]<\/p>\n","protected":false},"author":6475,"featured_media":0,"comment_status":"open","ping_status":"open","sticky":false,"template":"","format":"standard","meta":{"footnotes":""},"categories":[9],"tags":[],"class_list":["post-1","post","type-post","status-publish","format-standard","hentry","category-plan-de-digitalizacion-de-centro-pdc","post-preview"],"_links":{"self":[{"href":"https:\/\/edublog.educastur.es\/cpdeprado\/wp-json\/wp\/v2\/posts\/1","targetHints":{"allow":["GET"]}}],"collection":[{"href":"https:\/\/edublog.educastur.es\/cpdeprado\/wp-json\/wp\/v2\/posts"}],"about":[{"href":"https:\/\/edublog.educastur.es\/cpdeprado\/wp-json\/wp\/v2\/types\/post"}],"author":[{"embeddable":true,"href":"https:\/\/edublog.educastur.es\/cpdeprado\/wp-json\/wp\/v2\/users\/6475"}],"replies":[{"embeddable":true,"href":"https:\/\/edublog.educastur.es\/cpdeprado\/wp-json\/wp\/v2\/comments?post=1"}],"version-history":[{"count":2,"href":"https:\/\/edublog.educastur.es\/cpdeprado\/wp-json\/wp\/v2\/posts\/1\/revisions"}],"predecessor-version":[{"id":7,"href":"https:\/\/edublog.educastur.es\/cpdeprado\/wp-json\/wp\/v2\/posts\/1\/revisions\/7"}],"wp:attachment":[{"href":"https:\/\/edublog.educastur.es\/cpdeprado\/wp-json\/wp\/v2\/media?parent=1"}],"wp:term":[{"taxonomy":"category","embeddable":true,"href":"https:\/\/edublog.educastur.es\/cpdeprado\/wp-json\/wp\/v2\/categories?post=1"},{"taxonomy":"post_tag","embeddable":true,"href":"https:\/\/edublog.educastur.es\/cpdeprado\/wp-json\/wp\/v2\/tags?post=1"}],"curies":[{"name":"wp","href":"https:\/\/api.w.org\/{rel}","templated":true}]}}