{"id":44,"date":"2025-05-07T14:48:35","date_gmt":"2025-05-07T12:48:35","guid":{"rendered":"https:\/\/edublog.educastur.es\/cpdeprado\/?p=44"},"modified":"2025-05-07T14:49:03","modified_gmt":"2025-05-07T12:49:03","slug":"menu-de-comedor-de-mayo","status":"publish","type":"post","link":"https:\/\/edublog.educastur.es\/cpdeprado\/2025\/05\/07\/menu-de-comedor-de-mayo\/","title":{"rendered":"MEN\u00da DE COMEDOR DE MAYO"},"content":{"rendered":"<p>\u00a1Hola, familias!<\/p>\n<p>Compartimos en esta entrada el men\u00fa escolar para este mes de mayo para que pod\u00e1is conocer de antemano lo que comer\u00e1n los y las peques en el cole.<\/p>\n<p>&nbsp;<\/p>\n<p>&nbsp;<\/p>\n<p><img loading=\"lazy\" decoding=\"async\" class=\"alignnone wp-image-46 size-large\" src=\"http:\/\/edublog.educastur.es\/cpdeprado\/files\/2025\/05\/PHOTO-2025-05-07-14-16-07-1024x863.jpg\" alt=\"\" width=\"676\" height=\"570\" srcset=\"https:\/\/edublog.educastur.es\/cpdeprado\/files\/2025\/05\/PHOTO-2025-05-07-14-16-07-1024x863.jpg 1024w, https:\/\/edublog.educastur.es\/cpdeprado\/files\/2025\/05\/PHOTO-2025-05-07-14-16-07-300x253.jpg 300w, https:\/\/edublog.educastur.es\/cpdeprado\/files\/2025\/05\/PHOTO-2025-05-07-14-16-07-768x647.jpg 768w, https:\/\/edublog.educastur.es\/cpdeprado\/files\/2025\/05\/PHOTO-2025-05-07-14-16-07-676x570.jpg 676w, https:\/\/edublog.educastur.es\/cpdeprado\/files\/2025\/05\/PHOTO-2025-05-07-14-16-07.jpg 1179w\" sizes=\"auto, (max-width: 676px) 100vw, 676px\" \/><\/p>\n","protected":false},"excerpt":{"rendered":"<p>\u00a1Hola, familias! Compartimos en esta entrada el men\u00fa escolar para este mes de mayo para que pod\u00e1is conocer de antemano lo que comer\u00e1n los y las peques en el cole. &nbsp; &nbsp;<\/p>\n","protected":false},"author":6475,"featured_media":45,"comment_status":"open","ping_status":"open","sticky":false,"template":"","format":"standard","meta":{"footnotes":""},"categories":[10],"tags":[],"class_list":["post-44","post","type-post","status-publish","format-standard","has-post-thumbnail","hentry","category-menu-escolar","post-preview"],"_links":{"self":[{"href":"https:\/\/edublog.educastur.es\/cpdeprado\/wp-json\/wp\/v2\/posts\/44","targetHints":{"allow":["GET"]}}],"collection":[{"href":"https:\/\/edublog.educastur.es\/cpdeprado\/wp-json\/wp\/v2\/posts"}],"about":[{"href":"https:\/\/edublog.educastur.es\/cpdeprado\/wp-json\/wp\/v2\/types\/post"}],"author":[{"embeddable":true,"href":"https:\/\/edublog.educastur.es\/cpdeprado\/wp-json\/wp\/v2\/users\/6475"}],"replies":[{"embeddable":true,"href":"https:\/\/edublog.educastur.es\/cpdeprado\/wp-json\/wp\/v2\/comments?post=44"}],"version-history":[{"count":3,"href":"https:\/\/edublog.educastur.es\/cpdeprado\/wp-json\/wp\/v2\/posts\/44\/revisions"}],"predecessor-version":[{"id":50,"href":"https:\/\/edublog.educastur.es\/cpdeprado\/wp-json\/wp\/v2\/posts\/44\/revisions\/50"}],"wp:featuredmedia":[{"embeddable":true,"href":"https:\/\/edublog.educastur.es\/cpdeprado\/wp-json\/wp\/v2\/media\/45"}],"wp:attachment":[{"href":"https:\/\/edublog.educastur.es\/cpdeprado\/wp-json\/wp\/v2\/media?parent=44"}],"wp:term":[{"taxonomy":"category","embeddable":true,"href":"https:\/\/edublog.educastur.es\/cpdeprado\/wp-json\/wp\/v2\/categories?post=44"},{"taxonomy":"post_tag","embeddable":true,"href":"https:\/\/edublog.educastur.es\/cpdeprado\/wp-json\/wp\/v2\/tags?post=44"}],"curies":[{"name":"wp","href":"https:\/\/api.w.org\/{rel}","templated":true}]}}