{"id":1884,"date":"2024-06-28T11:40:22","date_gmt":"2024-06-28T09:40:22","guid":{"rendered":"https:\/\/edublog.educastur.es\/cpgloriarodriguez\/?p=1884"},"modified":"2024-06-28T11:40:35","modified_gmt":"2024-06-28T09:40:35","slug":"posibilidad-de-cambio-de-la-optativa-de-religion-y-llingua-asturiana","status":"publish","type":"post","link":"https:\/\/edublog.educastur.es\/cpgloriarodriguez\/2024\/06\/28\/posibilidad-de-cambio-de-la-optativa-de-religion-y-llingua-asturiana\/","title":{"rendered":"Posibilidad de cambio de la optativa de Religi\u00f3n y Llingua asturiana"},"content":{"rendered":"<p>Para el alumnado que quiera cambiar de las optativas de <strong>Religi\u00f3n<\/strong> a <strong>Atenci\u00f3n educativa<\/strong> o viceversa o de <strong>Llingua asturiana<\/strong> a <strong>Cultura asturiana<\/strong> o viceversa, hay de plazo hasta el 12 de julio de 2024.<\/p>\n<p>Para ello dejamos el enlace a la documentaci\u00f3n a cubrir y entregar firmada en la secretar\u00eda del centro. Tambi\u00e9n hay hojas disponibles en el colegio:<\/p>\n<ul>\n<li><span style=\"text-decoration: underline\"><strong><a href=\"https:\/\/educastur-my.sharepoint.com\/:b:\/g\/personal\/gloriaro_educastur_org\/EV-Gr1nJVY5GjShX09QS0pABvLfRhM1K_Yqd4mjK4TFswQ?e=zG6iGf\">Religi\u00f3n-Atenci\u00f3n educativa PRIMARIA (PDF)<\/a><\/strong><\/span><\/li>\n<li><span style=\"text-decoration: underline\"><strong><a href=\"https:\/\/educastur-my.sharepoint.com\/:b:\/g\/personal\/gloriaro_educastur_org\/Ee5o0rD-mfRIot93drtDkWwBFTJgVriO1CQmORgjtNxXLg?e=hSsUfE\">Religi\u00f3n-Atenci\u00f3n educativa INFANTIL (PDF)<\/a><\/strong><\/span><\/li>\n<li><a href=\"https:\/\/educastur-my.sharepoint.com\/:b:\/g\/personal\/gloriaro_educastur_org\/EciCRb4nx-5NmFT1UhBYNikBvnebWcYuOmCYdtJ5KnNJog?e=iiqDG7\"><span style=\"text-decoration: underline\"><strong>Llingua asturiana &#8211; Cultura asturiana PRIMARIA(PDF)<\/strong><\/span><\/a><\/li>\n<\/ul>\n","protected":false},"excerpt":{"rendered":"<p>Para el alumnado que quiera cambiar de las optativas de Religi\u00f3n a Atenci\u00f3n educativa o viceversa o de Llingua asturiana a Cultura asturiana o viceversa, hay de plazo hasta el 12 de julio de 2024. Para ello dejamos el enlace a la documentaci\u00f3n a cubrir y entregar firmada en la secretar\u00eda del centro. Tambi\u00e9n hay &hellip; <a href=\"https:\/\/edublog.educastur.es\/cpgloriarodriguez\/2024\/06\/28\/posibilidad-de-cambio-de-la-optativa-de-religion-y-llingua-asturiana\/\" class=\"more-link\">Seguir leyendo <span class=\"screen-reader-text\">Posibilidad de cambio de la optativa de Religi\u00f3n y Llingua asturiana<\/span><\/a><\/p>\n","protected":false},"author":1658,"featured_media":0,"comment_status":"open","ping_status":"open","sticky":false,"template":"","format":"standard","meta":{"footnotes":""},"categories":[1],"tags":[],"class_list":["post-1884","post","type-post","status-publish","format-standard","hentry","category-sin-categoria","no-featured-image"],"_links":{"self":[{"href":"https:\/\/edublog.educastur.es\/cpgloriarodriguez\/wp-json\/wp\/v2\/posts\/1884","targetHints":{"allow":["GET"]}}],"collection":[{"href":"https:\/\/edublog.educastur.es\/cpgloriarodriguez\/wp-json\/wp\/v2\/posts"}],"about":[{"href":"https:\/\/edublog.educastur.es\/cpgloriarodriguez\/wp-json\/wp\/v2\/types\/post"}],"author":[{"embeddable":true,"href":"https:\/\/edublog.educastur.es\/cpgloriarodriguez\/wp-json\/wp\/v2\/users\/1658"}],"replies":[{"embeddable":true,"href":"https:\/\/edublog.educastur.es\/cpgloriarodriguez\/wp-json\/wp\/v2\/comments?post=1884"}],"version-history":[{"count":2,"href":"https:\/\/edublog.educastur.es\/cpgloriarodriguez\/wp-json\/wp\/v2\/posts\/1884\/revisions"}],"predecessor-version":[{"id":1886,"href":"https:\/\/edublog.educastur.es\/cpgloriarodriguez\/wp-json\/wp\/v2\/posts\/1884\/revisions\/1886"}],"wp:attachment":[{"href":"https:\/\/edublog.educastur.es\/cpgloriarodriguez\/wp-json\/wp\/v2\/media?parent=1884"}],"wp:term":[{"taxonomy":"category","embeddable":true,"href":"https:\/\/edublog.educastur.es\/cpgloriarodriguez\/wp-json\/wp\/v2\/categories?post=1884"},{"taxonomy":"post_tag","embeddable":true,"href":"https:\/\/edublog.educastur.es\/cpgloriarodriguez\/wp-json\/wp\/v2\/tags?post=1884"}],"curies":[{"name":"wp","href":"https:\/\/api.w.org\/{rel}","templated":true}]}}