{"id":22,"date":"2022-01-25T14:10:51","date_gmt":"2022-01-25T14:10:51","guid":{"rendered":"https:\/\/edublog.educastur.es\/departamentofyqcangasnarcea\/?p=22"},"modified":"2022-01-25T14:10:51","modified_gmt":"2022-01-25T14:10:51","slug":"modelos-atomicos","status":"publish","type":"post","link":"https:\/\/edublog.educastur.es\/departamentofyqcangasnarcea\/2022\/01\/25\/modelos-atomicos\/","title":{"rendered":"Modelos at\u00f3micos"},"content":{"rendered":"<p>\u00a1Buenas tardes!<\/p>\n<p>Nuestro alumnado de segundo de la ESO ha estado trabajando mucho en unos preciosos modelos at\u00f3micos. A continuaci\u00f3n, os vamos a poner los escogidos como mejores de cada categor\u00eda por las profesoras del Departamento:<\/p>\n<ul>\n<li>Modelo at\u00f3mico de Dalton:<\/li>\n<\/ul>\n<p><img loading=\"lazy\" decoding=\"async\" class=\"alignnone size-medium wp-image-24\" src=\"http:\/\/edublog.educastur.es\/departamentofyqcangasnarcea\/files\/2022\/01\/20220124_133943-300x243.jpg\" alt=\"\" width=\"300\" height=\"243\" srcset=\"https:\/\/edublog.educastur.es\/departamentofyqcangasnarcea\/files\/2022\/01\/20220124_133943-300x243.jpg 300w, https:\/\/edublog.educastur.es\/departamentofyqcangasnarcea\/files\/2022\/01\/20220124_133943-1024x829.jpg 1024w, https:\/\/edublog.educastur.es\/departamentofyqcangasnarcea\/files\/2022\/01\/20220124_133943-768x621.jpg 768w, https:\/\/edublog.educastur.es\/departamentofyqcangasnarcea\/files\/2022\/01\/20220124_133943-1536x1243.jpg 1536w, https:\/\/edublog.educastur.es\/departamentofyqcangasnarcea\/files\/2022\/01\/20220124_133943-2048x1657.jpg 2048w, https:\/\/edublog.educastur.es\/departamentofyqcangasnarcea\/files\/2022\/01\/20220124_133943-676x547.jpg 676w\" sizes=\"auto, (max-width: 300px) 100vw, 300px\" \/><\/p>\n<p>De \u00c1ngela y Noelia de 2\u00baESO B<\/p>\n<ul>\n<li>Modelo at\u00f3mico de Thomsom:<\/li>\n<\/ul>\n<p><img loading=\"lazy\" decoding=\"async\" class=\"alignnone size-medium wp-image-25\" src=\"http:\/\/edublog.educastur.es\/departamentofyqcangasnarcea\/files\/2022\/01\/20220124_134035-218x300.jpg\" alt=\"\" width=\"218\" height=\"300\" srcset=\"https:\/\/edublog.educastur.es\/departamentofyqcangasnarcea\/files\/2022\/01\/20220124_134035-218x300.jpg 218w, https:\/\/edublog.educastur.es\/departamentofyqcangasnarcea\/files\/2022\/01\/20220124_134035-743x1024.jpg 743w, https:\/\/edublog.educastur.es\/departamentofyqcangasnarcea\/files\/2022\/01\/20220124_134035-768x1059.jpg 768w, https:\/\/edublog.educastur.es\/departamentofyqcangasnarcea\/files\/2022\/01\/20220124_134035-1114x1536.jpg 1114w, https:\/\/edublog.educastur.es\/departamentofyqcangasnarcea\/files\/2022\/01\/20220124_134035-1486x2048.jpg 1486w, https:\/\/edublog.educastur.es\/departamentofyqcangasnarcea\/files\/2022\/01\/20220124_134035-676x932.jpg 676w, https:\/\/edublog.educastur.es\/departamentofyqcangasnarcea\/files\/2022\/01\/20220124_134035-scaled.jpg 1857w\" sizes=\"auto, (max-width: 218px) 100vw, 218px\" \/><\/p>\n<p>De Pelayo (2B) y Diego (2A)<\/p>\n<p><img loading=\"lazy\" decoding=\"async\" class=\"alignnone size-medium wp-image-29\" src=\"http:\/\/edublog.educastur.es\/departamentofyqcangasnarcea\/files\/2022\/01\/20220125_143045-291x300.jpg\" alt=\"\" width=\"291\" height=\"300\" srcset=\"https:\/\/edublog.educastur.es\/departamentofyqcangasnarcea\/files\/2022\/01\/20220125_143045-291x300.jpg 291w, https:\/\/edublog.educastur.es\/departamentofyqcangasnarcea\/files\/2022\/01\/20220125_143045-992x1024.jpg 992w, https:\/\/edublog.educastur.es\/departamentofyqcangasnarcea\/files\/2022\/01\/20220125_143045-768x793.jpg 768w, https:\/\/edublog.educastur.es\/departamentofyqcangasnarcea\/files\/2022\/01\/20220125_143045-1488x1536.jpg 1488w, https:\/\/edublog.educastur.es\/departamentofyqcangasnarcea\/files\/2022\/01\/20220125_143045-1984x2048.jpg 1984w, https:\/\/edublog.educastur.es\/departamentofyqcangasnarcea\/files\/2022\/01\/20220125_143045-676x698.jpg 676w\" sizes=\"auto, (max-width: 291px) 100vw, 291px\" \/><\/p>\n<p>De Alfredo y Pelayo (2E)<\/p>\n<ul>\n<li>Modelo at\u00f3mico de Rutherford:<\/li>\n<\/ul>\n<p><img loading=\"lazy\" decoding=\"async\" class=\"alignnone size-medium wp-image-27\" src=\"http:\/\/edublog.educastur.es\/departamentofyqcangasnarcea\/files\/2022\/01\/20220125_143024-300x289.jpg\" alt=\"\" width=\"300\" height=\"289\" srcset=\"https:\/\/edublog.educastur.es\/departamentofyqcangasnarcea\/files\/2022\/01\/20220125_143024-300x289.jpg 300w, https:\/\/edublog.educastur.es\/departamentofyqcangasnarcea\/files\/2022\/01\/20220125_143024-1024x987.jpg 1024w, https:\/\/edublog.educastur.es\/departamentofyqcangasnarcea\/files\/2022\/01\/20220125_143024-768x740.jpg 768w, https:\/\/edublog.educastur.es\/departamentofyqcangasnarcea\/files\/2022\/01\/20220125_143024-1536x1480.jpg 1536w, https:\/\/edublog.educastur.es\/departamentofyqcangasnarcea\/files\/2022\/01\/20220125_143024-2048x1974.jpg 2048w, https:\/\/edublog.educastur.es\/departamentofyqcangasnarcea\/files\/2022\/01\/20220125_143024-676x651.jpg 676w\" sizes=\"auto, (max-width: 300px) 100vw, 300px\" \/><\/p>\n<p>Luis P\u00e9rez (2D)<\/p>\n<p>Tambi\u00e9n queremos destacar una maqueta por su originalidad, y es la de Diego y Hugo de 2\u00baESO E<\/p>\n<p><img loading=\"lazy\" decoding=\"async\" class=\"alignnone size-medium wp-image-28\" src=\"http:\/\/edublog.educastur.es\/departamentofyqcangasnarcea\/files\/2022\/01\/20220125_143132-1-300x206.jpg\" alt=\"\" width=\"300\" height=\"206\" srcset=\"https:\/\/edublog.educastur.es\/departamentofyqcangasnarcea\/files\/2022\/01\/20220125_143132-1-300x206.jpg 300w, https:\/\/edublog.educastur.es\/departamentofyqcangasnarcea\/files\/2022\/01\/20220125_143132-1-1024x702.jpg 1024w, https:\/\/edublog.educastur.es\/departamentofyqcangasnarcea\/files\/2022\/01\/20220125_143132-1-768x526.jpg 768w, https:\/\/edublog.educastur.es\/departamentofyqcangasnarcea\/files\/2022\/01\/20220125_143132-1-1536x1053.jpg 1536w, https:\/\/edublog.educastur.es\/departamentofyqcangasnarcea\/files\/2022\/01\/20220125_143132-1-676x463.jpg 676w, https:\/\/edublog.educastur.es\/departamentofyqcangasnarcea\/files\/2022\/01\/20220125_143132-1.jpg 2047w\" sizes=\"auto, (max-width: 300px) 100vw, 300px\" \/><\/p>\n<p>&nbsp;<\/p>\n<p>Solamente nos quedar\u00eda daros a todos la enhorabuena, ya que estuvo muy re\u00f1ido \ud83d\ude42<\/p>\n","protected":false},"excerpt":{"rendered":"<p>\u00a1Buenas tardes! Nuestro alumnado de segundo de la ESO ha estado trabajando mucho en unos preciosos modelos at\u00f3micos. A continuaci\u00f3n, os vamos a poner los escogidos como mejores de cada categor\u00eda por las profesoras del Departamento: Modelo at\u00f3mico de Dalton: De \u00c1ngela y Noelia de 2\u00baESO B Modelo at\u00f3mico de Thomsom: De Pelayo (2B) y [&hellip;]<\/p>\n","protected":false},"author":1327,"featured_media":0,"comment_status":"open","ping_status":"open","sticky":false,"template":"","format":"standard","meta":{"footnotes":""},"categories":[1],"tags":[],"class_list":["post-22","post","type-post","status-publish","format-standard","hentry","category-sin-categoria","post-preview"],"_links":{"self":[{"href":"https:\/\/edublog.educastur.es\/departamentofyqcangasnarcea\/wp-json\/wp\/v2\/posts\/22","targetHints":{"allow":["GET"]}}],"collection":[{"href":"https:\/\/edublog.educastur.es\/departamentofyqcangasnarcea\/wp-json\/wp\/v2\/posts"}],"about":[{"href":"https:\/\/edublog.educastur.es\/departamentofyqcangasnarcea\/wp-json\/wp\/v2\/types\/post"}],"author":[{"embeddable":true,"href":"https:\/\/edublog.educastur.es\/departamentofyqcangasnarcea\/wp-json\/wp\/v2\/users\/1327"}],"replies":[{"embeddable":true,"href":"https:\/\/edublog.educastur.es\/departamentofyqcangasnarcea\/wp-json\/wp\/v2\/comments?post=22"}],"version-history":[{"count":3,"href":"https:\/\/edublog.educastur.es\/departamentofyqcangasnarcea\/wp-json\/wp\/v2\/posts\/22\/revisions"}],"predecessor-version":[{"id":30,"href":"https:\/\/edublog.educastur.es\/departamentofyqcangasnarcea\/wp-json\/wp\/v2\/posts\/22\/revisions\/30"}],"wp:attachment":[{"href":"https:\/\/edublog.educastur.es\/departamentofyqcangasnarcea\/wp-json\/wp\/v2\/media?parent=22"}],"wp:term":[{"taxonomy":"category","embeddable":true,"href":"https:\/\/edublog.educastur.es\/departamentofyqcangasnarcea\/wp-json\/wp\/v2\/categories?post=22"},{"taxonomy":"post_tag","embeddable":true,"href":"https:\/\/edublog.educastur.es\/departamentofyqcangasnarcea\/wp-json\/wp\/v2\/tags?post=22"}],"curies":[{"name":"wp","href":"https:\/\/api.w.org\/{rel}","templated":true}]}}