{"id":74,"date":"2022-03-21T16:13:23","date_gmt":"2022-03-21T16:13:23","guid":{"rendered":"https:\/\/edublog.educastur.es\/departamentofyqcangasnarcea\/?p=74"},"modified":"2022-03-21T16:13:23","modified_gmt":"2022-03-21T16:13:23","slug":"olimpiada-de-quimica-2022","status":"publish","type":"post","link":"https:\/\/edublog.educastur.es\/departamentofyqcangasnarcea\/2022\/03\/21\/olimpiada-de-quimica-2022\/","title":{"rendered":"Olimpiada de Qu\u00edmica 2022"},"content":{"rendered":"<p>Buenos d\u00edas,<\/p>\n<p>El pasado 5 de marzo 26 alumnos de 2\u00ba de bachiller participaron en la Olimpiada de Qu\u00edmica que organiza el Colegio de Qu\u00edmicos de Asturias y Le\u00f3n, en su fase auton\u00f3mica.<\/p>\n<p><img loading=\"lazy\" decoding=\"async\" class=\"alignnone size-medium wp-image-75\" src=\"http:\/\/edublog.educastur.es\/departamentofyqcangasnarcea\/files\/2022\/03\/IMG-20220314-WA0022_blog-300x224.jpg\" alt=\"\" width=\"300\" height=\"224\" srcset=\"https:\/\/edublog.educastur.es\/departamentofyqcangasnarcea\/files\/2022\/03\/IMG-20220314-WA0022_blog-300x224.jpg 300w, https:\/\/edublog.educastur.es\/departamentofyqcangasnarcea\/files\/2022\/03\/IMG-20220314-WA0022_blog.jpg 592w\" sizes=\"auto, (max-width: 300px) 100vw, 300px\" \/><\/p>\n<p>Tenemos que rese\u00f1ar y dar la enhorabuena a nuestro alumno Rub\u00e9n, de 2\u00ba de bachiller A, por esa merecid\u00edsima menci\u00f3n de honor.<\/p>\n<p><img loading=\"lazy\" decoding=\"async\" class=\"alignnone size-medium wp-image-76\" src=\"http:\/\/edublog.educastur.es\/departamentofyqcangasnarcea\/files\/2022\/03\/IMG-20220310-WA0029-300x207.jpg\" alt=\"\" width=\"300\" height=\"207\" srcset=\"https:\/\/edublog.educastur.es\/departamentofyqcangasnarcea\/files\/2022\/03\/IMG-20220310-WA0029-300x207.jpg 300w, https:\/\/edublog.educastur.es\/departamentofyqcangasnarcea\/files\/2022\/03\/IMG-20220310-WA0029.jpg 616w\" sizes=\"auto, (max-width: 300px) 100vw, 300px\" \/><\/p>\n<p>Much\u00edsimas gracias por la participaci\u00f3n de todos y todas.\u00a0 Ahora s\u00f3lo nos queda \u00a1repetir el a\u00f1o que viene!<\/p>\n","protected":false},"excerpt":{"rendered":"<p>Buenos d\u00edas, El pasado 5 de marzo 26 alumnos de 2\u00ba de bachiller participaron en la Olimpiada de Qu\u00edmica que organiza el Colegio de Qu\u00edmicos de Asturias y Le\u00f3n, en su fase auton\u00f3mica. Tenemos que rese\u00f1ar y dar la enhorabuena a nuestro alumno Rub\u00e9n, de 2\u00ba de bachiller A, por esa merecid\u00edsima menci\u00f3n de honor. [&hellip;]<\/p>\n","protected":false},"author":1327,"featured_media":0,"comment_status":"open","ping_status":"open","sticky":false,"template":"","format":"standard","meta":{"footnotes":""},"categories":[1],"tags":[],"class_list":["post-74","post","type-post","status-publish","format-standard","hentry","category-sin-categoria","post-preview"],"_links":{"self":[{"href":"https:\/\/edublog.educastur.es\/departamentofyqcangasnarcea\/wp-json\/wp\/v2\/posts\/74","targetHints":{"allow":["GET"]}}],"collection":[{"href":"https:\/\/edublog.educastur.es\/departamentofyqcangasnarcea\/wp-json\/wp\/v2\/posts"}],"about":[{"href":"https:\/\/edublog.educastur.es\/departamentofyqcangasnarcea\/wp-json\/wp\/v2\/types\/post"}],"author":[{"embeddable":true,"href":"https:\/\/edublog.educastur.es\/departamentofyqcangasnarcea\/wp-json\/wp\/v2\/users\/1327"}],"replies":[{"embeddable":true,"href":"https:\/\/edublog.educastur.es\/departamentofyqcangasnarcea\/wp-json\/wp\/v2\/comments?post=74"}],"version-history":[{"count":2,"href":"https:\/\/edublog.educastur.es\/departamentofyqcangasnarcea\/wp-json\/wp\/v2\/posts\/74\/revisions"}],"predecessor-version":[{"id":78,"href":"https:\/\/edublog.educastur.es\/departamentofyqcangasnarcea\/wp-json\/wp\/v2\/posts\/74\/revisions\/78"}],"wp:attachment":[{"href":"https:\/\/edublog.educastur.es\/departamentofyqcangasnarcea\/wp-json\/wp\/v2\/media?parent=74"}],"wp:term":[{"taxonomy":"category","embeddable":true,"href":"https:\/\/edublog.educastur.es\/departamentofyqcangasnarcea\/wp-json\/wp\/v2\/categories?post=74"},{"taxonomy":"post_tag","embeddable":true,"href":"https:\/\/edublog.educastur.es\/departamentofyqcangasnarcea\/wp-json\/wp\/v2\/tags?post=74"}],"curies":[{"name":"wp","href":"https:\/\/api.w.org\/{rel}","templated":true}]}}