{"id":1,"date":"2022-01-13T07:19:29","date_gmt":"2022-01-13T07:19:29","guid":{"rendered":"https:\/\/edublog.educastur.es\/diariodeaprendizajeanavillar\/?p=1"},"modified":"2022-01-13T08:03:52","modified_gmt":"2022-01-13T08:03:52","slug":"hola-mundo","status":"publish","type":"post","link":"https:\/\/edublog.educastur.es\/diariodeaprendizajeanavillar\/2022\/01\/13\/hola-mundo\/","title":{"rendered":"Me presento&#8230;"},"content":{"rendered":"<p><img loading=\"lazy\" decoding=\"async\" class=\"size-medium wp-image-5 aligncenter\" src=\"http:\/\/edublog.educastur.es\/diariodeaprendizajeanavillar\/files\/2022\/01\/AVATAR-VISUAL-THINKING-300x267.jpg\" alt=\"\" width=\"300\" height=\"267\" \/><\/p>\n<p>Desde el momento en que supe que el primer reto era crear nuestro avatar con l\u00e1piz y papel&#8230; me empec\u00e9 a poner nerviosa.<\/p>\n<p>No soy una persona creativa y no tengo dotes para el dibujo. Con la creaci\u00f3n digital me encuentro m\u00e1s c\u00f3moda y as\u00ed lo hice: Cre\u00e9 mi avatar digital. Este avatar me representa por varias cosas: inquietudes muy variadas, siempre estoy pensando en aprender o hacer algo (puzzles, escribir poes\u00eda, aprender idiomas, inform\u00e1tica&#8230;), el color morado porque soy feminista y que es digital porque me gusta trabajar con el ordenador y tengo buena competencia digital.<\/p>\n<p>Pero, despu\u00e9s de ver el v\u00eddeo y de reflexionar sobre la intenci\u00f3n de \u00abaprender\u00bb, consider\u00e9 que deb\u00eda atreverme y tratar de poner algo de mi parte.<\/p>\n<p>Con m\u00e1s miedo que verg\u00fcenza, comenc\u00e9 a dibujar mi avatar, que curiosamente se parece bien poco al digital, pero que tambi\u00e9n tiene cosas m\u00edas&#8230;<\/p>\n<p><img loading=\"lazy\" decoding=\"async\" class=\"size-medium wp-image-10 aligncenter\" src=\"http:\/\/edublog.educastur.es\/diariodeaprendizajeanavillar\/files\/2022\/01\/IMG_9086-300x289.jpg\" alt=\"\" width=\"300\" height=\"289\" srcset=\"https:\/\/edublog.educastur.es\/diariodeaprendizajeanavillar\/files\/2022\/01\/IMG_9086-300x289.jpg 300w, https:\/\/edublog.educastur.es\/diariodeaprendizajeanavillar\/files\/2022\/01\/IMG_9086-312x300.jpg 312w, https:\/\/edublog.educastur.es\/diariodeaprendizajeanavillar\/files\/2022\/01\/IMG_9086.jpg 640w\" sizes=\"auto, (max-width: 300px) 100vw, 300px\" \/><\/p>\n<p>Y esto es lo que me sali\u00f3&#8230;. Si la anterior me defin\u00eda esta me representa f\u00edsicamente.<\/p>\n<p>Bueno, algo he aprendido. Que, aunque no me puedo dedicar al dibujo profesionalmente, puedo hacer dibujos que se pueden parecer a lo que quiero representar.<\/p>\n","protected":false},"excerpt":{"rendered":"<p>Desde el momento en que supe que el primer reto era crear nuestro avatar con l\u00e1piz y papel&#8230; me empec\u00e9 a poner nerviosa. No soy una persona creativa y no tengo dotes para el dibujo. Con la creaci\u00f3n digital me encuentro m\u00e1s c\u00f3moda y as\u00ed lo hice: Cre\u00e9 mi avatar digital. Este avatar me representa [&hellip;]<\/p>\n","protected":false},"author":1268,"featured_media":0,"comment_status":"open","ping_status":"open","sticky":false,"template":"","format":"standard","meta":{"footnotes":""},"categories":[1],"tags":[2],"class_list":["post-1","post","type-post","status-publish","format-standard","hentry","category-sin-categoria","tag-visualmooc"],"_links":{"self":[{"href":"https:\/\/edublog.educastur.es\/diariodeaprendizajeanavillar\/wp-json\/wp\/v2\/posts\/1","targetHints":{"allow":["GET"]}}],"collection":[{"href":"https:\/\/edublog.educastur.es\/diariodeaprendizajeanavillar\/wp-json\/wp\/v2\/posts"}],"about":[{"href":"https:\/\/edublog.educastur.es\/diariodeaprendizajeanavillar\/wp-json\/wp\/v2\/types\/post"}],"author":[{"embeddable":true,"href":"https:\/\/edublog.educastur.es\/diariodeaprendizajeanavillar\/wp-json\/wp\/v2\/users\/1268"}],"replies":[{"embeddable":true,"href":"https:\/\/edublog.educastur.es\/diariodeaprendizajeanavillar\/wp-json\/wp\/v2\/comments?post=1"}],"version-history":[{"count":3,"href":"https:\/\/edublog.educastur.es\/diariodeaprendizajeanavillar\/wp-json\/wp\/v2\/posts\/1\/revisions"}],"predecessor-version":[{"id":12,"href":"https:\/\/edublog.educastur.es\/diariodeaprendizajeanavillar\/wp-json\/wp\/v2\/posts\/1\/revisions\/12"}],"wp:attachment":[{"href":"https:\/\/edublog.educastur.es\/diariodeaprendizajeanavillar\/wp-json\/wp\/v2\/media?parent=1"}],"wp:term":[{"taxonomy":"category","embeddable":true,"href":"https:\/\/edublog.educastur.es\/diariodeaprendizajeanavillar\/wp-json\/wp\/v2\/categories?post=1"},{"taxonomy":"post_tag","embeddable":true,"href":"https:\/\/edublog.educastur.es\/diariodeaprendizajeanavillar\/wp-json\/wp\/v2\/tags?post=1"}],"curies":[{"name":"wp","href":"https:\/\/api.w.org\/{rel}","templated":true}]}}